{"id":944,"date":"2025-11-08T20:41:29","date_gmt":"2025-11-08T19:41:29","guid":{"rendered":"https:\/\/www.vulkanologische-gesellschaft.de\/blog\/?p=944"},"modified":"2025-11-08T20:41:29","modified_gmt":"2025-11-08T19:41:29","slug":"vulkanologisches-observatorium-in-der-vulkaneifel","status":"publish","type":"post","link":"https:\/\/www.vulkanologische-gesellschaft.de\/blog\/2025\/11\/08\/vulkanologisches-observatorium-in-der-vulkaneifel\/","title":{"rendered":"Vulkanologisches Observatorium in der Vulkaneifel"},"content":{"rendered":"<h3>Pl\u00e4doyer f\u00fcr die Errichtung eines vulkanologischen Observatoriums in der Vulkaneifel<\/h3>\n<p data-start=\"256\" data-end=\"672\">Trotz der in den letzten Wochen vermehrt registrierten Erdbeben am Laacher-See-Vulkan in der Eifel droht dort derzeit kein Vulkanausbruch. Doch die seismischen Aktivit\u00e4ten zeigen, dass es im Untergrund nach wie vor dynamisch zugeht \u2013 und es ist nicht ausgeschlossen, dass der Magmenk\u00f6rper unter dem Calderavulkan, der lange Zeit f\u00e4lschlich f\u00fcr ein Maar gehalten wurde, eines Tages wieder reaktiviert werden k\u00f6nnte.<\/p>\n<p data-start=\"674\" data-end=\"1017\">Schon vor der j\u00fcngsten Serie schwacher <a href=\"https:\/\/www.vulkane.net\/blogmobil\/category\/erdbeben\/\" target=\"_blank\" rel=\"noopener\">Erdbeben<\/a> forderten zahlreiche Mitglieder der Vulkanologischen Gesellschaft die Einrichtung eines permanenten vulkanologischen Observatoriums in der Eifel. Eine solche Einrichtung k\u00f6nnte die Vulkane der Region kontinuierlich \u00fcberwachen und zugleich die geowissenschaftliche Forschung nachhaltig st\u00e4rken.<\/p>\n<p data-start=\"1019\" data-end=\"1414\">Die Gr\u00fcnde daf\u00fcr liegen auf der Hand: Nur durch langfristige, systematische Beobachtung lassen sich die Prozesse im Untergrund verstehen und m\u00f6gliche Anzeichen einer Reaktivierung fr\u00fchzeitig erkennen. Ein Observatorium w\u00fcrde helfen, nat\u00fcrliche Schwankungen der Aktivit\u00e4t von echten Vorboten einer Eruption zu unterscheiden \u2013 und damit Panik ebenso vermeiden wie gef\u00e4hrliche Fehleinsch\u00e4tzungen.<\/p>\n<p data-start=\"1416\" data-end=\"1838\">Dar\u00fcber hinaus w\u00e4re ein solches Zentrum ein wichtiger Beitrag zur Katastrophenvorsorge in Mitteleuropa. Die Vulkaneifel liegt in einer dicht besiedelten Region, deren Infrastruktur \u2013 von Verkehr bis Energieversorgung \u2013 im Fall einer erneuten vulkanischen Aktivit\u00e4t erheblich betroffen w\u00e4re. Fr\u00fchwarnsysteme, die auf pr\u00e4zisen Daten beruhen, k\u00f6nnten im Ernstfall wertvolle Zeit verschaffen, um Schutzma\u00dfnahmen einzuleiten.<\/p>\n<p data-start=\"1840\" data-end=\"2261\">Ein Observatorium in der Eifel h\u00e4tte zudem einen hohen wissenschaftlichen und gesellschaftlichen Nutzen: Es w\u00fcrde internationale Kooperationen f\u00f6rdern, junge Geowissenschaftler ausbilden und als Schnittstelle zwischen Forschung, Bev\u00f6lkerung und Katastrophenschutz fungieren. Schlie\u00dflich w\u00fcrde es auch das \u00f6ffentliche Bewusstsein f\u00fcr die vulkanische Natur der Region und den Wert langfristiger Umweltbeobachtung st\u00e4rken.<\/p>\n<p data-start=\"2263\" data-end=\"2501\">Nicht zuletzt w\u00fcrde Deutschland mit einer solchen Einrichtung seine geowissenschaftliche Kompetenz ausbauen und ein deutliches Signal setzen, dass auch im eigenen Land Naturgefahrenforschung und Vorsorge h\u00f6chste Priorit\u00e4t haben sollten.<\/p>\n","protected":false},"excerpt":{"rendered":"<p>Pl\u00e4doyer f\u00fcr die Errichtung eines vulkanologischen Observatoriums in der Vulkaneifel Trotz der in den letzten Wochen vermehrt registrierten Erdbeben am Laacher-See-Vulkan in der Eifel droht dort derzeit kein Vulkanausbruch. Doch die seismischen Aktivit\u00e4ten zeigen, dass es im Untergrund nach wie vor dynamisch zugeht \u2013 und es ist nicht ausgeschlossen, dass der Magmenk\u00f6rper unter dem Calderavulkan,&hellip;<\/p>\n","protected":false},"author":1,"featured_media":946,"comment_status":"open","ping_status":"closed","sticky":false,"template":"","format":"standard","meta":{"footnotes":""},"categories":[5],"tags":[127],"class_list":["post-944","post","type-post","status-publish","format-standard","has-post-thumbnail","hentry","category-verein","tag-vulkanologisches-observatorium"],"yoast_head":"<!-- This site is optimized with the Yoast SEO plugin v27.2 - https:\/\/yoast.com\/product\/yoast-seo-wordpress\/ -->\n<title>Vulkanologisches Observatorium in der Vulkaneifel - Vulkanologische Gesellschaft<\/title>\n<meta name=\"description\" content=\"Pl\u00e4doyer f\u00fcr die Errichtung eines vulkanologischen Observatoriums in der Vulkaneifel\" \/>\n<meta name=\"robots\" content=\"index, follow, max-snippet:-1, max-image-preview:large, max-video-preview:-1\" \/>\n<link rel=\"canonical\" href=\"https:\/\/www.vulkanologische-gesellschaft.de\/blog\/2025\/11\/08\/vulkanologisches-observatorium-in-der-vulkaneifel\/\" \/>\n<meta property=\"og:locale\" content=\"de_DE\" \/>\n<meta property=\"og:type\" content=\"article\" \/>\n<meta property=\"og:title\" content=\"Vulkanologisches Observatorium in der Vulkaneifel - Vulkanologische Gesellschaft\" \/>\n<meta property=\"og:description\" content=\"Pl\u00e4doyer f\u00fcr die Errichtung eines vulkanologischen Observatoriums in der Vulkaneifel\" \/>\n<meta property=\"og:url\" content=\"https:\/\/www.vulkanologische-gesellschaft.de\/blog\/2025\/11\/08\/vulkanologisches-observatorium-in-der-vulkaneifel\/\" \/>\n<meta property=\"og:site_name\" content=\"Vulkanologische Gesellschaft\" \/>\n<meta property=\"article:publisher\" content=\"https:\/\/www.facebook.com\/profile.php?id=100076365217120\" \/>\n<meta property=\"article:published_time\" content=\"2025-11-08T19:41:29+00:00\" \/>\n<meta property=\"og:image\" content=\"https:\/\/www.vulkanologische-gesellschaft.de\/blog\/wp-content\/uploads\/2025\/11\/laach001.jpg\" \/>\n\t<meta property=\"og:image:width\" content=\"1314\" \/>\n\t<meta property=\"og:image:height\" content=\"580\" \/>\n\t<meta property=\"og:image:type\" content=\"image\/jpeg\" \/>\n<meta name=\"author\" content=\"Marc Szeglat\" \/>\n<meta name=\"twitter:card\" content=\"summary_large_image\" \/>\n<meta name=\"twitter:label1\" content=\"Verfasst von\" \/>\n\t<meta name=\"twitter:data1\" content=\"Marc Szeglat\" \/>\n\t<meta name=\"twitter:label2\" content=\"Gesch\u00e4tzte Lesezeit\" \/>\n\t<meta name=\"twitter:data2\" content=\"2\u00a0Minuten\" \/>\n<script type=\"application\/ld+json\" class=\"yoast-schema-graph\">{\"@context\":\"https:\/\/schema.org\",\"@graph\":[{\"@type\":\"Article\",\"@id\":\"https:\/\/www.vulkanologische-gesellschaft.de\/blog\/2025\/11\/08\/vulkanologisches-observatorium-in-der-vulkaneifel\/#article\",\"isPartOf\":{\"@id\":\"https:\/\/www.vulkanologische-gesellschaft.de\/blog\/2025\/11\/08\/vulkanologisches-observatorium-in-der-vulkaneifel\/\"},\"author\":{\"name\":\"Marc Szeglat\",\"@id\":\"https:\/\/www.vulkanologische-gesellschaft.de\/blog\/#\/schema\/person\/f023125bd99560872650a08cf7b93ebb\"},\"headline\":\"Vulkanologisches Observatorium in der Vulkaneifel\",\"datePublished\":\"2025-11-08T19:41:29+00:00\",\"mainEntityOfPage\":{\"@id\":\"https:\/\/www.vulkanologische-gesellschaft.de\/blog\/2025\/11\/08\/vulkanologisches-observatorium-in-der-vulkaneifel\/\"},\"wordCount\":329,\"commentCount\":0,\"publisher\":{\"@id\":\"https:\/\/www.vulkanologische-gesellschaft.de\/blog\/#organization\"},\"image\":{\"@id\":\"https:\/\/www.vulkanologische-gesellschaft.de\/blog\/2025\/11\/08\/vulkanologisches-observatorium-in-der-vulkaneifel\/#primaryimage\"},\"thumbnailUrl\":\"https:\/\/www.vulkanologische-gesellschaft.de\/blog\/wp-content\/uploads\/2025\/11\/laach001.jpg\",\"keywords\":[\"Vulkanologisches Observatorium\"],\"articleSection\":[\"Verein\"],\"inLanguage\":\"de\",\"potentialAction\":[{\"@type\":\"CommentAction\",\"name\":\"Comment\",\"target\":[\"https:\/\/www.vulkanologische-gesellschaft.de\/blog\/2025\/11\/08\/vulkanologisches-observatorium-in-der-vulkaneifel\/#respond\"]}]},{\"@type\":\"WebPage\",\"@id\":\"https:\/\/www.vulkanologische-gesellschaft.de\/blog\/2025\/11\/08\/vulkanologisches-observatorium-in-der-vulkaneifel\/\",\"url\":\"https:\/\/www.vulkanologische-gesellschaft.de\/blog\/2025\/11\/08\/vulkanologisches-observatorium-in-der-vulkaneifel\/\",\"name\":\"Vulkanologisches Observatorium in der Vulkaneifel - Vulkanologische Gesellschaft\",\"isPartOf\":{\"@id\":\"https:\/\/www.vulkanologische-gesellschaft.de\/blog\/#website\"},\"primaryImageOfPage\":{\"@id\":\"https:\/\/www.vulkanologische-gesellschaft.de\/blog\/2025\/11\/08\/vulkanologisches-observatorium-in-der-vulkaneifel\/#primaryimage\"},\"image\":{\"@id\":\"https:\/\/www.vulkanologische-gesellschaft.de\/blog\/2025\/11\/08\/vulkanologisches-observatorium-in-der-vulkaneifel\/#primaryimage\"},\"thumbnailUrl\":\"https:\/\/www.vulkanologische-gesellschaft.de\/blog\/wp-content\/uploads\/2025\/11\/laach001.jpg\",\"datePublished\":\"2025-11-08T19:41:29+00:00\",\"description\":\"Pl\u00e4doyer f\u00fcr die Errichtung eines vulkanologischen Observatoriums in der Vulkaneifel\",\"breadcrumb\":{\"@id\":\"https:\/\/www.vulkanologische-gesellschaft.de\/blog\/2025\/11\/08\/vulkanologisches-observatorium-in-der-vulkaneifel\/#breadcrumb\"},\"inLanguage\":\"de\",\"potentialAction\":[{\"@type\":\"ReadAction\",\"target\":[\"https:\/\/www.vulkanologische-gesellschaft.de\/blog\/2025\/11\/08\/vulkanologisches-observatorium-in-der-vulkaneifel\/\"]}]},{\"@type\":\"ImageObject\",\"inLanguage\":\"de\",\"@id\":\"https:\/\/www.vulkanologische-gesellschaft.de\/blog\/2025\/11\/08\/vulkanologisches-observatorium-in-der-vulkaneifel\/#primaryimage\",\"url\":\"https:\/\/www.vulkanologische-gesellschaft.de\/blog\/wp-content\/uploads\/2025\/11\/laach001.jpg\",\"contentUrl\":\"https:\/\/www.vulkanologische-gesellschaft.de\/blog\/wp-content\/uploads\/2025\/11\/laach001.jpg\",\"width\":1314,\"height\":580},{\"@type\":\"BreadcrumbList\",\"@id\":\"https:\/\/www.vulkanologische-gesellschaft.de\/blog\/2025\/11\/08\/vulkanologisches-observatorium-in-der-vulkaneifel\/#breadcrumb\",\"itemListElement\":[{\"@type\":\"ListItem\",\"position\":1,\"name\":\"Startseite\",\"item\":\"https:\/\/www.vulkanologische-gesellschaft.de\/blog\/\"},{\"@type\":\"ListItem\",\"position\":2,\"name\":\"Vulkanologisches Observatorium in der Vulkaneifel\"}]},{\"@type\":\"WebSite\",\"@id\":\"https:\/\/www.vulkanologische-gesellschaft.de\/blog\/#website\",\"url\":\"https:\/\/www.vulkanologische-gesellschaft.de\/blog\/\",\"name\":\"Vulkanologische Gesellschaft\",\"description\":\"Gesellschaft f\u00fcr internationale Vulkanerkundung\",\"publisher\":{\"@id\":\"https:\/\/www.vulkanologische-gesellschaft.de\/blog\/#organization\"},\"potentialAction\":[{\"@type\":\"SearchAction\",\"target\":{\"@type\":\"EntryPoint\",\"urlTemplate\":\"https:\/\/www.vulkanologische-gesellschaft.de\/blog\/?s={search_term_string}\"},\"query-input\":{\"@type\":\"PropertyValueSpecification\",\"valueRequired\":true,\"valueName\":\"search_term_string\"}}],\"inLanguage\":\"de\"},{\"@type\":\"Organization\",\"@id\":\"https:\/\/www.vulkanologische-gesellschaft.de\/blog\/#organization\",\"name\":\"Vulkanologische Gesellschaft e.V\",\"url\":\"https:\/\/www.vulkanologische-gesellschaft.de\/blog\/\",\"logo\":{\"@type\":\"ImageObject\",\"inLanguage\":\"de\",\"@id\":\"https:\/\/www.vulkanologische-gesellschaft.de\/blog\/#\/schema\/logo\/image\/\",\"url\":\"https:\/\/www.vulkanologische-gesellschaft.de\/blog\/wp-content\/uploads\/2015\/07\/logo-klein.jpg\",\"contentUrl\":\"https:\/\/www.vulkanologische-gesellschaft.de\/blog\/wp-content\/uploads\/2015\/07\/logo-klein.jpg\",\"width\":140,\"height\":139,\"caption\":\"Vulkanologische Gesellschaft e.V\"},\"image\":{\"@id\":\"https:\/\/www.vulkanologische-gesellschaft.de\/blog\/#\/schema\/logo\/image\/\"},\"sameAs\":[\"https:\/\/www.facebook.com\/profile.php?id=100076365217120\"]},{\"@type\":\"Person\",\"@id\":\"https:\/\/www.vulkanologische-gesellschaft.de\/blog\/#\/schema\/person\/f023125bd99560872650a08cf7b93ebb\",\"name\":\"Marc Szeglat\",\"image\":{\"@type\":\"ImageObject\",\"inLanguage\":\"de\",\"@id\":\"https:\/\/secure.gravatar.com\/avatar\/7dc671db686352fad8ced8a5a725f96bf1670804154aef4a4b9181818cce225c?s=96&d=mm&r=g\",\"url\":\"https:\/\/secure.gravatar.com\/avatar\/7dc671db686352fad8ced8a5a725f96bf1670804154aef4a4b9181818cce225c?s=96&d=mm&r=g\",\"contentUrl\":\"https:\/\/secure.gravatar.com\/avatar\/7dc671db686352fad8ced8a5a725f96bf1670804154aef4a4b9181818cce225c?s=96&d=mm&r=g\",\"caption\":\"Marc Szeglat\"},\"description\":\"Marc Szeglat ist Vorstandsmitglied der Vulkanologischen Gesellschaft e.V. und bestieg 1990 seinen ersten aktiven Vulkan. Seitdem dokumentiert er hauptberuflich Vulkanausbr\u00fcche. Marc ist Autor der Seite vulkane.net.\",\"sameAs\":[\"http:\/\/www.vulkane.net\/\"],\"url\":\"https:\/\/www.vulkanologische-gesellschaft.de\/blog\/author\/marcszeglat\/\"}]}<\/script>\n<!-- \/ Yoast SEO plugin. -->","yoast_head_json":{"title":"Vulkanologisches Observatorium in der Vulkaneifel - Vulkanologische Gesellschaft","description":"Pl\u00e4doyer f\u00fcr die Errichtung eines vulkanologischen Observatoriums in der Vulkaneifel","robots":{"index":"index","follow":"follow","max-snippet":"max-snippet:-1","max-image-preview":"max-image-preview:large","max-video-preview":"max-video-preview:-1"},"canonical":"https:\/\/www.vulkanologische-gesellschaft.de\/blog\/2025\/11\/08\/vulkanologisches-observatorium-in-der-vulkaneifel\/","og_locale":"de_DE","og_type":"article","og_title":"Vulkanologisches Observatorium in der Vulkaneifel - Vulkanologische Gesellschaft","og_description":"Pl\u00e4doyer f\u00fcr die Errichtung eines vulkanologischen Observatoriums in der Vulkaneifel","og_url":"https:\/\/www.vulkanologische-gesellschaft.de\/blog\/2025\/11\/08\/vulkanologisches-observatorium-in-der-vulkaneifel\/","og_site_name":"Vulkanologische Gesellschaft","article_publisher":"https:\/\/www.facebook.com\/profile.php?id=100076365217120","article_published_time":"2025-11-08T19:41:29+00:00","og_image":[{"width":1314,"height":580,"url":"https:\/\/www.vulkanologische-gesellschaft.de\/blog\/wp-content\/uploads\/2025\/11\/laach001.jpg","type":"image\/jpeg"}],"author":"Marc Szeglat","twitter_card":"summary_large_image","twitter_misc":{"Verfasst von":"Marc Szeglat","Gesch\u00e4tzte Lesezeit":"2\u00a0Minuten"},"schema":{"@context":"https:\/\/schema.org","@graph":[{"@type":"Article","@id":"https:\/\/www.vulkanologische-gesellschaft.de\/blog\/2025\/11\/08\/vulkanologisches-observatorium-in-der-vulkaneifel\/#article","isPartOf":{"@id":"https:\/\/www.vulkanologische-gesellschaft.de\/blog\/2025\/11\/08\/vulkanologisches-observatorium-in-der-vulkaneifel\/"},"author":{"name":"Marc Szeglat","@id":"https:\/\/www.vulkanologische-gesellschaft.de\/blog\/#\/schema\/person\/f023125bd99560872650a08cf7b93ebb"},"headline":"Vulkanologisches Observatorium in der Vulkaneifel","datePublished":"2025-11-08T19:41:29+00:00","mainEntityOfPage":{"@id":"https:\/\/www.vulkanologische-gesellschaft.de\/blog\/2025\/11\/08\/vulkanologisches-observatorium-in-der-vulkaneifel\/"},"wordCount":329,"commentCount":0,"publisher":{"@id":"https:\/\/www.vulkanologische-gesellschaft.de\/blog\/#organization"},"image":{"@id":"https:\/\/www.vulkanologische-gesellschaft.de\/blog\/2025\/11\/08\/vulkanologisches-observatorium-in-der-vulkaneifel\/#primaryimage"},"thumbnailUrl":"https:\/\/www.vulkanologische-gesellschaft.de\/blog\/wp-content\/uploads\/2025\/11\/laach001.jpg","keywords":["Vulkanologisches Observatorium"],"articleSection":["Verein"],"inLanguage":"de","potentialAction":[{"@type":"CommentAction","name":"Comment","target":["https:\/\/www.vulkanologische-gesellschaft.de\/blog\/2025\/11\/08\/vulkanologisches-observatorium-in-der-vulkaneifel\/#respond"]}]},{"@type":"WebPage","@id":"https:\/\/www.vulkanologische-gesellschaft.de\/blog\/2025\/11\/08\/vulkanologisches-observatorium-in-der-vulkaneifel\/","url":"https:\/\/www.vulkanologische-gesellschaft.de\/blog\/2025\/11\/08\/vulkanologisches-observatorium-in-der-vulkaneifel\/","name":"Vulkanologisches Observatorium in der Vulkaneifel - Vulkanologische Gesellschaft","isPartOf":{"@id":"https:\/\/www.vulkanologische-gesellschaft.de\/blog\/#website"},"primaryImageOfPage":{"@id":"https:\/\/www.vulkanologische-gesellschaft.de\/blog\/2025\/11\/08\/vulkanologisches-observatorium-in-der-vulkaneifel\/#primaryimage"},"image":{"@id":"https:\/\/www.vulkanologische-gesellschaft.de\/blog\/2025\/11\/08\/vulkanologisches-observatorium-in-der-vulkaneifel\/#primaryimage"},"thumbnailUrl":"https:\/\/www.vulkanologische-gesellschaft.de\/blog\/wp-content\/uploads\/2025\/11\/laach001.jpg","datePublished":"2025-11-08T19:41:29+00:00","description":"Pl\u00e4doyer f\u00fcr die Errichtung eines vulkanologischen Observatoriums in der Vulkaneifel","breadcrumb":{"@id":"https:\/\/www.vulkanologische-gesellschaft.de\/blog\/2025\/11\/08\/vulkanologisches-observatorium-in-der-vulkaneifel\/#breadcrumb"},"inLanguage":"de","potentialAction":[{"@type":"ReadAction","target":["https:\/\/www.vulkanologische-gesellschaft.de\/blog\/2025\/11\/08\/vulkanologisches-observatorium-in-der-vulkaneifel\/"]}]},{"@type":"ImageObject","inLanguage":"de","@id":"https:\/\/www.vulkanologische-gesellschaft.de\/blog\/2025\/11\/08\/vulkanologisches-observatorium-in-der-vulkaneifel\/#primaryimage","url":"https:\/\/www.vulkanologische-gesellschaft.de\/blog\/wp-content\/uploads\/2025\/11\/laach001.jpg","contentUrl":"https:\/\/www.vulkanologische-gesellschaft.de\/blog\/wp-content\/uploads\/2025\/11\/laach001.jpg","width":1314,"height":580},{"@type":"BreadcrumbList","@id":"https:\/\/www.vulkanologische-gesellschaft.de\/blog\/2025\/11\/08\/vulkanologisches-observatorium-in-der-vulkaneifel\/#breadcrumb","itemListElement":[{"@type":"ListItem","position":1,"name":"Startseite","item":"https:\/\/www.vulkanologische-gesellschaft.de\/blog\/"},{"@type":"ListItem","position":2,"name":"Vulkanologisches Observatorium in der Vulkaneifel"}]},{"@type":"WebSite","@id":"https:\/\/www.vulkanologische-gesellschaft.de\/blog\/#website","url":"https:\/\/www.vulkanologische-gesellschaft.de\/blog\/","name":"Vulkanologische Gesellschaft","description":"Gesellschaft f\u00fcr internationale Vulkanerkundung","publisher":{"@id":"https:\/\/www.vulkanologische-gesellschaft.de\/blog\/#organization"},"potentialAction":[{"@type":"SearchAction","target":{"@type":"EntryPoint","urlTemplate":"https:\/\/www.vulkanologische-gesellschaft.de\/blog\/?s={search_term_string}"},"query-input":{"@type":"PropertyValueSpecification","valueRequired":true,"valueName":"search_term_string"}}],"inLanguage":"de"},{"@type":"Organization","@id":"https:\/\/www.vulkanologische-gesellschaft.de\/blog\/#organization","name":"Vulkanologische Gesellschaft e.V","url":"https:\/\/www.vulkanologische-gesellschaft.de\/blog\/","logo":{"@type":"ImageObject","inLanguage":"de","@id":"https:\/\/www.vulkanologische-gesellschaft.de\/blog\/#\/schema\/logo\/image\/","url":"https:\/\/www.vulkanologische-gesellschaft.de\/blog\/wp-content\/uploads\/2015\/07\/logo-klein.jpg","contentUrl":"https:\/\/www.vulkanologische-gesellschaft.de\/blog\/wp-content\/uploads\/2015\/07\/logo-klein.jpg","width":140,"height":139,"caption":"Vulkanologische Gesellschaft e.V"},"image":{"@id":"https:\/\/www.vulkanologische-gesellschaft.de\/blog\/#\/schema\/logo\/image\/"},"sameAs":["https:\/\/www.facebook.com\/profile.php?id=100076365217120"]},{"@type":"Person","@id":"https:\/\/www.vulkanologische-gesellschaft.de\/blog\/#\/schema\/person\/f023125bd99560872650a08cf7b93ebb","name":"Marc Szeglat","image":{"@type":"ImageObject","inLanguage":"de","@id":"https:\/\/secure.gravatar.com\/avatar\/7dc671db686352fad8ced8a5a725f96bf1670804154aef4a4b9181818cce225c?s=96&d=mm&r=g","url":"https:\/\/secure.gravatar.com\/avatar\/7dc671db686352fad8ced8a5a725f96bf1670804154aef4a4b9181818cce225c?s=96&d=mm&r=g","contentUrl":"https:\/\/secure.gravatar.com\/avatar\/7dc671db686352fad8ced8a5a725f96bf1670804154aef4a4b9181818cce225c?s=96&d=mm&r=g","caption":"Marc Szeglat"},"description":"Marc Szeglat ist Vorstandsmitglied der Vulkanologischen Gesellschaft e.V. und bestieg 1990 seinen ersten aktiven Vulkan. Seitdem dokumentiert er hauptberuflich Vulkanausbr\u00fcche. Marc ist Autor der Seite vulkane.net.","sameAs":["http:\/\/www.vulkane.net\/"],"url":"https:\/\/www.vulkanologische-gesellschaft.de\/blog\/author\/marcszeglat\/"}]}},"_links":{"self":[{"href":"https:\/\/www.vulkanologische-gesellschaft.de\/blog\/wp-json\/wp\/v2\/posts\/944","targetHints":{"allow":["GET"]}}],"collection":[{"href":"https:\/\/www.vulkanologische-gesellschaft.de\/blog\/wp-json\/wp\/v2\/posts"}],"about":[{"href":"https:\/\/www.vulkanologische-gesellschaft.de\/blog\/wp-json\/wp\/v2\/types\/post"}],"author":[{"embeddable":true,"href":"https:\/\/www.vulkanologische-gesellschaft.de\/blog\/wp-json\/wp\/v2\/users\/1"}],"replies":[{"embeddable":true,"href":"https:\/\/www.vulkanologische-gesellschaft.de\/blog\/wp-json\/wp\/v2\/comments?post=944"}],"version-history":[{"count":1,"href":"https:\/\/www.vulkanologische-gesellschaft.de\/blog\/wp-json\/wp\/v2\/posts\/944\/revisions"}],"predecessor-version":[{"id":945,"href":"https:\/\/www.vulkanologische-gesellschaft.de\/blog\/wp-json\/wp\/v2\/posts\/944\/revisions\/945"}],"wp:featuredmedia":[{"embeddable":true,"href":"https:\/\/www.vulkanologische-gesellschaft.de\/blog\/wp-json\/wp\/v2\/media\/946"}],"wp:attachment":[{"href":"https:\/\/www.vulkanologische-gesellschaft.de\/blog\/wp-json\/wp\/v2\/media?parent=944"}],"wp:term":[{"taxonomy":"category","embeddable":true,"href":"https:\/\/www.vulkanologische-gesellschaft.de\/blog\/wp-json\/wp\/v2\/categories?post=944"},{"taxonomy":"post_tag","embeddable":true,"href":"https:\/\/www.vulkanologische-gesellschaft.de\/blog\/wp-json\/wp\/v2\/tags?post=944"}],"curies":[{"name":"wp","href":"https:\/\/api.w.org\/{rel}","templated":true}]}}