{"id":932,"date":"2025-10-13T19:02:32","date_gmt":"2025-10-13T17:02:32","guid":{"rendered":"https:\/\/www.vulkanologische-gesellschaft.de\/blog\/?p=932"},"modified":"2025-10-13T19:07:35","modified_gmt":"2025-10-13T17:07:35","slug":"neue-postvulkanische-manifestationen-im-yellowstone-np-entdeckt","status":"publish","type":"post","link":"https:\/\/www.vulkanologische-gesellschaft.de\/blog\/2025\/10\/13\/neue-postvulkanische-manifestationen-im-yellowstone-np-entdeckt\/","title":{"rendered":"Neue postvulkanische Manifestationen im Yellowstone NP entdeckt"},"content":{"rendered":"<h3>Marc und Leroy erkundeten die Yellowstone Caldera in den USA<\/h3>\n<p><em>Der Yellowstone-Nationalpark liegt \u00fcberwiegend im US-Bundesstaat Wyoming und erstreckt sich auch in Montana und Idaho. Er sitzt \u00fcber einer riesigen vulkanischen Caldera, die etwa 70 \u00d7 45 km gro\u00df ist \u2013 eine der gr\u00f6\u00dften der Welt. Vor etwa 640.000 Jahren ereignete sich hier die letzte Supervulkaneruption, die weite Teile Nordamerikas mit Asche bedeckte, massive Landschaftsver\u00e4nderungen hinterlie\u00df und die heutige Topographie pr\u00e4gte. Die Caldera ist heute noch ein aktives hydrothermales System, das Hunderte von hei\u00dfen Quellen, Geysiren, Fumarolen und Mudpots speist.<\/em><\/p>\n<p>Im August 2025 waren unsere beiden Vereinsmitglieder Leroy und Marc Szeglat in der Yellowstone-Caldera unterwegs, um einige der Hei\u00dfwasserph\u00e4nomene zu begutachten. Interessant ist auch, dass in den letzten Monaten mehrfach von den Vulkanologen des YVO berichtet wurde, dass sich neue hei\u00dfe Quellen und Fumarolen gebildet hatten, und das, nachdem sich im Juli 2024 eine au\u00dferordentlich gro\u00dfe hydrothermale <a href=\"https:\/\/www.vulkane.net\/blogmobil\/yellowstone-hydrothermale-explosion\/\">Eruption im Biscuit Basin<\/a> ereignet hatte. Das Thermalgebiet fanden Leroy und Marc gesperrt vor, konnten aber einen Blick auf die neu installierten Apparaturen werfen, die den Diamond-Pool \u00fcberwachen, der Schauplatz der Explosion war. Die Besichtigungstour begann allerdings im Upper Geysir Basin.<\/p>\n<p>Das Upper Geyser Basin ist eines der bekanntesten geothermalen Gebiete des Parks. Hier befindet sich der Old Faithful Geysir, ber\u00fchmt f\u00fcr seine regelm\u00e4\u00dfigen Eruptionen, die alle 60\u2013110 Minuten bis zu 56 Meter hoch steigen. Nur wenige Meter entfernt liegt der Grand Geyser, der als der h\u00f6chste regelm\u00e4\u00dfig eruptierende Geysir der Welt gilt, mit Ausbr\u00fcchen von bis zu 70 Metern H\u00f6he, die mehrere Minuten dauern. Ebenfalls im Basin befindet sich der Castle Geyser, der durch seine markante, turmartige Gesteinsformation auff\u00e4llt und lange, kr\u00e4ftige Wasser- und Dampfausbr\u00fcche zeigt. Diese Geysire sind durch das komplexe unterirdische System von Kan\u00e4len, Druckkammern und Magma erhitztem Wasser gespeist, das noch aus den Tiefen der Caldera stammt.<\/p>\n\n\t\t<style type=\"text\/css\">\n\t\t\t#gallery-1 {\n\t\t\t\tmargin: auto;\n\t\t\t}\n\t\t\t#gallery-1 .gallery-item {\n\t\t\t\tfloat: left;\n\t\t\t\tmargin-top: 10px;\n\t\t\t\ttext-align: center;\n\t\t\t\twidth: 33%;\n\t\t\t}\n\t\t\t#gallery-1 img {\n\t\t\t\tborder: 2px solid #cfcfcf;\n\t\t\t}\n\t\t\t#gallery-1 .gallery-caption {\n\t\t\t\tmargin-left: 0;\n\t\t\t}\n\t\t\t\/* see gallery_shortcode() in wp-includes\/media.php *\/\n\t\t<\/style>\n\t\t<div id='gallery-1' class='gallery galleryid-932 gallery-columns-3 gallery-size-medium'><dl class='gallery-item'>\n\t\t\t<dt class='gallery-icon landscape'>\n\t\t\t\t<a href='https:\/\/www.vulkanologische-gesellschaft.de\/blog\/wp-content\/uploads\/2025\/10\/ver-grand.jpg'><img loading=\"lazy\" decoding=\"async\" width=\"300\" height=\"225\" src=\"https:\/\/www.vulkanologische-gesellschaft.de\/blog\/wp-content\/uploads\/2025\/10\/ver-grand-300x225.jpg\" class=\"attachment-medium size-medium\" alt=\"\" srcset=\"https:\/\/www.vulkanologische-gesellschaft.de\/blog\/wp-content\/uploads\/2025\/10\/ver-grand-300x225.jpg 300w, https:\/\/www.vulkanologische-gesellschaft.de\/blog\/wp-content\/uploads\/2025\/10\/ver-grand-700x525.jpg 700w, https:\/\/www.vulkanologische-gesellschaft.de\/blog\/wp-content\/uploads\/2025\/10\/ver-grand-768x576.jpg 768w, https:\/\/www.vulkanologische-gesellschaft.de\/blog\/wp-content\/uploads\/2025\/10\/ver-grand-120x90.jpg 120w, https:\/\/www.vulkanologische-gesellschaft.de\/blog\/wp-content\/uploads\/2025\/10\/ver-grand.jpg 1250w\" sizes=\"auto, (max-width: 300px) 100vw, 300px\" \/><\/a>\n\t\t\t<\/dt><\/dl><dl class='gallery-item'>\n\t\t\t<dt class='gallery-icon landscape'>\n\t\t\t\t<a href='https:\/\/www.vulkanologische-gesellschaft.de\/blog\/wp-content\/uploads\/2025\/10\/ver-bis.jpg'><img loading=\"lazy\" decoding=\"async\" width=\"300\" height=\"225\" src=\"https:\/\/www.vulkanologische-gesellschaft.de\/blog\/wp-content\/uploads\/2025\/10\/ver-bis-300x225.jpg\" class=\"attachment-medium size-medium\" alt=\"\" srcset=\"https:\/\/www.vulkanologische-gesellschaft.de\/blog\/wp-content\/uploads\/2025\/10\/ver-bis-300x225.jpg 300w, https:\/\/www.vulkanologische-gesellschaft.de\/blog\/wp-content\/uploads\/2025\/10\/ver-bis-700x525.jpg 700w, https:\/\/www.vulkanologische-gesellschaft.de\/blog\/wp-content\/uploads\/2025\/10\/ver-bis-768x576.jpg 768w, https:\/\/www.vulkanologische-gesellschaft.de\/blog\/wp-content\/uploads\/2025\/10\/ver-bis-120x90.jpg 120w, https:\/\/www.vulkanologische-gesellschaft.de\/blog\/wp-content\/uploads\/2025\/10\/ver-bis.jpg 1250w\" sizes=\"auto, (max-width: 300px) 100vw, 300px\" \/><\/a>\n\t\t\t<\/dt><\/dl><dl class='gallery-item'>\n\t\t\t<dt class='gallery-icon landscape'>\n\t\t\t\t<a href='https:\/\/www.vulkanologische-gesellschaft.de\/blog\/wp-content\/uploads\/2025\/10\/ver-pool.jpg'><img loading=\"lazy\" decoding=\"async\" width=\"300\" height=\"225\" src=\"https:\/\/www.vulkanologische-gesellschaft.de\/blog\/wp-content\/uploads\/2025\/10\/ver-pool-300x225.jpg\" class=\"attachment-medium size-medium\" alt=\"\" srcset=\"https:\/\/www.vulkanologische-gesellschaft.de\/blog\/wp-content\/uploads\/2025\/10\/ver-pool-300x225.jpg 300w, https:\/\/www.vulkanologische-gesellschaft.de\/blog\/wp-content\/uploads\/2025\/10\/ver-pool-700x525.jpg 700w, https:\/\/www.vulkanologische-gesellschaft.de\/blog\/wp-content\/uploads\/2025\/10\/ver-pool-768x576.jpg 768w, https:\/\/www.vulkanologische-gesellschaft.de\/blog\/wp-content\/uploads\/2025\/10\/ver-pool-120x90.jpg 120w, https:\/\/www.vulkanologische-gesellschaft.de\/blog\/wp-content\/uploads\/2025\/10\/ver-pool.jpg 1250w\" sizes=\"auto, (max-width: 300px) 100vw, 300px\" \/><\/a>\n\t\t\t<\/dt><\/dl><br style=\"clear: both\" \/>\n\t\t<\/div>\n\n<p>Nicht weit davon liegt der Morning Glory Pool, eine hei\u00dfe Quelle mit kristallklarem, intensiv blauem Wasser, umrandet von gelblichen bis orangefarbenen Bakterienmatten. Die leuchtenden Farben entstehen durch thermophile Mikroorganismen, die sich an unterschiedliche Wassertemperaturen angepasst haben.<\/p>\n<p>Im Midway Geyser Basin findet sich die ber\u00fchmte Grand Prismatic Spring, die gr\u00f6\u00dfte hei\u00dfe Quelle des Parks und drittgr\u00f6\u00dfte der Welt. Mit einem Durchmesser von etwa 112 Metern zeigt sie ein spektakul\u00e4res Farbenspiel von tiefem Blau im Zentrum bis zu leuchtendem Rot, Orange und Gelb an den R\u00e4ndern, verursacht durch hitzeliebende Mikroben.<\/p>\n<p>Im Norris Geyser Basin liegen zwei besondere geothermalen Highlights: der Steamboat Geyser, der als h\u00f6chster Geysir der Welt gilt und bei Eruptionen Wassers\u00e4ulen bis zu 90 Meter in die Luft schie\u00dft, sowie das Porcelain Basin, das durch wei\u00dfe, stark mineralisierte Fl\u00e4chen und zahlreiche kleine Fumarolen und hei\u00dfe Quellen besticht. Diese Aktivit\u00e4tszentren sind besonders dynamisch und \u00e4ndern ihr Verhalten h\u00e4ufig, da sie direkt \u00fcber einem besonders hei\u00dfen Teil des Magmareservoirs liegen.<\/p>\n<p>Die Mammoth Hot Springs im Nordwesten des Parks zeigen eindrucksvoll die Bildung von Travertin-Terrassen. Hier sickert hei\u00dfes, mineralreiches Wasser aus unterirdischen Quellen, k\u00fchlt ab und hinterl\u00e4sst Kalziumkarbonat, das im Laufe von Jahrtausenden die charakteristischen Stufen und Terrassen formt.<\/p>\n<p>Diese postvulkanischen Erscheinungen sind direkte Folgen der Energie, die noch immer unter der <a href=\"https:\/\/www.vulkane.net\/vulkane\/yellowstone\/yellowstone.html\">Yellowstone-Caldera<\/a> gespeichert ist. Sie veranschaulichen die anhaltende Aktivit\u00e4t eines Systems, das trotz seiner gewaltigen Supereruption vor Hunderttausenden von Jahren weiterhin Landschaften formt, einzigartige \u00d6kosysteme schafft und Wissenschaftler aus aller Welt fasziniert.<\/p>\n","protected":false},"excerpt":{"rendered":"<p>Marc und Leroy erkundeten die Yellowstone Caldera in den USA Der Yellowstone-Nationalpark liegt \u00fcberwiegend im US-Bundesstaat Wyoming und erstreckt sich auch in Montana und Idaho. Er sitzt \u00fcber einer riesigen vulkanischen Caldera, die etwa 70 \u00d7 45 km gro\u00df ist \u2013 eine der gr\u00f6\u00dften der Welt. Vor etwa 640.000 Jahren ereignete sich hier die letzte&hellip;<\/p>\n","protected":false},"author":1,"featured_media":934,"comment_status":"open","ping_status":"closed","sticky":false,"template":"","format":"standard","meta":{"footnotes":""},"categories":[6],"tags":[126],"class_list":["post-932","post","type-post","status-publish","format-standard","has-post-thumbnail","hentry","category-vulkane","tag-yellowstone"],"yoast_head":"<!-- This site is optimized with the Yoast SEO plugin v27.2 - https:\/\/yoast.com\/product\/yoast-seo-wordpress\/ -->\n<title>Neue postvulkanische Manifestationen im Yellowstone NP entdeckt - Vulkanologische Gesellschaft<\/title>\n<meta name=\"description\" content=\"Neue postvulkanische Manifestationen im Yellowstone NP entdeckt\" \/>\n<meta name=\"robots\" content=\"index, follow, max-snippet:-1, max-image-preview:large, max-video-preview:-1\" \/>\n<link rel=\"canonical\" href=\"https:\/\/www.vulkanologische-gesellschaft.de\/blog\/2025\/10\/13\/neue-postvulkanische-manifestationen-im-yellowstone-np-entdeckt\/\" \/>\n<meta property=\"og:locale\" content=\"de_DE\" \/>\n<meta property=\"og:type\" content=\"article\" \/>\n<meta property=\"og:title\" content=\"Neue postvulkanische Manifestationen im Yellowstone NP entdeckt - Vulkanologische Gesellschaft\" \/>\n<meta property=\"og:description\" content=\"Neue postvulkanische Manifestationen im Yellowstone NP entdeckt\" \/>\n<meta property=\"og:url\" content=\"https:\/\/www.vulkanologische-gesellschaft.de\/blog\/2025\/10\/13\/neue-postvulkanische-manifestationen-im-yellowstone-np-entdeckt\/\" \/>\n<meta property=\"og:site_name\" content=\"Vulkanologische Gesellschaft\" \/>\n<meta property=\"article:publisher\" content=\"https:\/\/www.facebook.com\/profile.php?id=100076365217120\" \/>\n<meta property=\"article:published_time\" content=\"2025-10-13T17:02:32+00:00\" \/>\n<meta property=\"article:modified_time\" content=\"2025-10-13T17:07:35+00:00\" \/>\n<meta property=\"og:image\" content=\"https:\/\/www.vulkanologische-gesellschaft.de\/blog\/wp-content\/uploads\/2025\/10\/ver-faith.jpg\" \/>\n\t<meta property=\"og:image:width\" content=\"1250\" \/>\n\t<meta property=\"og:image:height\" content=\"941\" \/>\n\t<meta property=\"og:image:type\" content=\"image\/jpeg\" \/>\n<meta name=\"author\" content=\"Marc Szeglat\" \/>\n<meta name=\"twitter:card\" content=\"summary_large_image\" \/>\n<meta name=\"twitter:label1\" content=\"Verfasst von\" \/>\n\t<meta name=\"twitter:data1\" content=\"Marc Szeglat\" \/>\n\t<meta name=\"twitter:label2\" content=\"Gesch\u00e4tzte Lesezeit\" \/>\n\t<meta name=\"twitter:data2\" content=\"4\u00a0Minuten\" \/>\n<script type=\"application\/ld+json\" class=\"yoast-schema-graph\">{\"@context\":\"https:\/\/schema.org\",\"@graph\":[{\"@type\":\"Article\",\"@id\":\"https:\/\/www.vulkanologische-gesellschaft.de\/blog\/2025\/10\/13\/neue-postvulkanische-manifestationen-im-yellowstone-np-entdeckt\/#article\",\"isPartOf\":{\"@id\":\"https:\/\/www.vulkanologische-gesellschaft.de\/blog\/2025\/10\/13\/neue-postvulkanische-manifestationen-im-yellowstone-np-entdeckt\/\"},\"author\":{\"name\":\"Marc Szeglat\",\"@id\":\"https:\/\/www.vulkanologische-gesellschaft.de\/blog\/#\/schema\/person\/f023125bd99560872650a08cf7b93ebb\"},\"headline\":\"Neue postvulkanische Manifestationen im Yellowstone NP entdeckt\",\"datePublished\":\"2025-10-13T17:02:32+00:00\",\"dateModified\":\"2025-10-13T17:07:35+00:00\",\"mainEntityOfPage\":{\"@id\":\"https:\/\/www.vulkanologische-gesellschaft.de\/blog\/2025\/10\/13\/neue-postvulkanische-manifestationen-im-yellowstone-np-entdeckt\/\"},\"wordCount\":579,\"commentCount\":0,\"publisher\":{\"@id\":\"https:\/\/www.vulkanologische-gesellschaft.de\/blog\/#organization\"},\"image\":{\"@id\":\"https:\/\/www.vulkanologische-gesellschaft.de\/blog\/2025\/10\/13\/neue-postvulkanische-manifestationen-im-yellowstone-np-entdeckt\/#primaryimage\"},\"thumbnailUrl\":\"https:\/\/www.vulkanologische-gesellschaft.de\/blog\/wp-content\/uploads\/2025\/10\/ver-faith.jpg\",\"keywords\":[\"Yellowstone\"],\"articleSection\":[\"Vulkane\"],\"inLanguage\":\"de\",\"potentialAction\":[{\"@type\":\"CommentAction\",\"name\":\"Comment\",\"target\":[\"https:\/\/www.vulkanologische-gesellschaft.de\/blog\/2025\/10\/13\/neue-postvulkanische-manifestationen-im-yellowstone-np-entdeckt\/#respond\"]}]},{\"@type\":\"WebPage\",\"@id\":\"https:\/\/www.vulkanologische-gesellschaft.de\/blog\/2025\/10\/13\/neue-postvulkanische-manifestationen-im-yellowstone-np-entdeckt\/\",\"url\":\"https:\/\/www.vulkanologische-gesellschaft.de\/blog\/2025\/10\/13\/neue-postvulkanische-manifestationen-im-yellowstone-np-entdeckt\/\",\"name\":\"Neue postvulkanische Manifestationen im Yellowstone NP entdeckt - Vulkanologische Gesellschaft\",\"isPartOf\":{\"@id\":\"https:\/\/www.vulkanologische-gesellschaft.de\/blog\/#website\"},\"primaryImageOfPage\":{\"@id\":\"https:\/\/www.vulkanologische-gesellschaft.de\/blog\/2025\/10\/13\/neue-postvulkanische-manifestationen-im-yellowstone-np-entdeckt\/#primaryimage\"},\"image\":{\"@id\":\"https:\/\/www.vulkanologische-gesellschaft.de\/blog\/2025\/10\/13\/neue-postvulkanische-manifestationen-im-yellowstone-np-entdeckt\/#primaryimage\"},\"thumbnailUrl\":\"https:\/\/www.vulkanologische-gesellschaft.de\/blog\/wp-content\/uploads\/2025\/10\/ver-faith.jpg\",\"datePublished\":\"2025-10-13T17:02:32+00:00\",\"dateModified\":\"2025-10-13T17:07:35+00:00\",\"description\":\"Neue postvulkanische Manifestationen im Yellowstone NP entdeckt\",\"breadcrumb\":{\"@id\":\"https:\/\/www.vulkanologische-gesellschaft.de\/blog\/2025\/10\/13\/neue-postvulkanische-manifestationen-im-yellowstone-np-entdeckt\/#breadcrumb\"},\"inLanguage\":\"de\",\"potentialAction\":[{\"@type\":\"ReadAction\",\"target\":[\"https:\/\/www.vulkanologische-gesellschaft.de\/blog\/2025\/10\/13\/neue-postvulkanische-manifestationen-im-yellowstone-np-entdeckt\/\"]}]},{\"@type\":\"ImageObject\",\"inLanguage\":\"de\",\"@id\":\"https:\/\/www.vulkanologische-gesellschaft.de\/blog\/2025\/10\/13\/neue-postvulkanische-manifestationen-im-yellowstone-np-entdeckt\/#primaryimage\",\"url\":\"https:\/\/www.vulkanologische-gesellschaft.de\/blog\/wp-content\/uploads\/2025\/10\/ver-faith.jpg\",\"contentUrl\":\"https:\/\/www.vulkanologische-gesellschaft.de\/blog\/wp-content\/uploads\/2025\/10\/ver-faith.jpg\",\"width\":1250,\"height\":941},{\"@type\":\"BreadcrumbList\",\"@id\":\"https:\/\/www.vulkanologische-gesellschaft.de\/blog\/2025\/10\/13\/neue-postvulkanische-manifestationen-im-yellowstone-np-entdeckt\/#breadcrumb\",\"itemListElement\":[{\"@type\":\"ListItem\",\"position\":1,\"name\":\"Startseite\",\"item\":\"https:\/\/www.vulkanologische-gesellschaft.de\/blog\/\"},{\"@type\":\"ListItem\",\"position\":2,\"name\":\"Neue postvulkanische Manifestationen im Yellowstone NP entdeckt\"}]},{\"@type\":\"WebSite\",\"@id\":\"https:\/\/www.vulkanologische-gesellschaft.de\/blog\/#website\",\"url\":\"https:\/\/www.vulkanologische-gesellschaft.de\/blog\/\",\"name\":\"Vulkanologische Gesellschaft\",\"description\":\"Gesellschaft f\u00fcr internationale Vulkanerkundung\",\"publisher\":{\"@id\":\"https:\/\/www.vulkanologische-gesellschaft.de\/blog\/#organization\"},\"potentialAction\":[{\"@type\":\"SearchAction\",\"target\":{\"@type\":\"EntryPoint\",\"urlTemplate\":\"https:\/\/www.vulkanologische-gesellschaft.de\/blog\/?s={search_term_string}\"},\"query-input\":{\"@type\":\"PropertyValueSpecification\",\"valueRequired\":true,\"valueName\":\"search_term_string\"}}],\"inLanguage\":\"de\"},{\"@type\":\"Organization\",\"@id\":\"https:\/\/www.vulkanologische-gesellschaft.de\/blog\/#organization\",\"name\":\"Vulkanologische Gesellschaft e.V\",\"url\":\"https:\/\/www.vulkanologische-gesellschaft.de\/blog\/\",\"logo\":{\"@type\":\"ImageObject\",\"inLanguage\":\"de\",\"@id\":\"https:\/\/www.vulkanologische-gesellschaft.de\/blog\/#\/schema\/logo\/image\/\",\"url\":\"https:\/\/www.vulkanologische-gesellschaft.de\/blog\/wp-content\/uploads\/2015\/07\/logo-klein.jpg\",\"contentUrl\":\"https:\/\/www.vulkanologische-gesellschaft.de\/blog\/wp-content\/uploads\/2015\/07\/logo-klein.jpg\",\"width\":140,\"height\":139,\"caption\":\"Vulkanologische Gesellschaft e.V\"},\"image\":{\"@id\":\"https:\/\/www.vulkanologische-gesellschaft.de\/blog\/#\/schema\/logo\/image\/\"},\"sameAs\":[\"https:\/\/www.facebook.com\/profile.php?id=100076365217120\"]},{\"@type\":\"Person\",\"@id\":\"https:\/\/www.vulkanologische-gesellschaft.de\/blog\/#\/schema\/person\/f023125bd99560872650a08cf7b93ebb\",\"name\":\"Marc Szeglat\",\"image\":{\"@type\":\"ImageObject\",\"inLanguage\":\"de\",\"@id\":\"https:\/\/secure.gravatar.com\/avatar\/7dc671db686352fad8ced8a5a725f96bf1670804154aef4a4b9181818cce225c?s=96&d=mm&r=g\",\"url\":\"https:\/\/secure.gravatar.com\/avatar\/7dc671db686352fad8ced8a5a725f96bf1670804154aef4a4b9181818cce225c?s=96&d=mm&r=g\",\"contentUrl\":\"https:\/\/secure.gravatar.com\/avatar\/7dc671db686352fad8ced8a5a725f96bf1670804154aef4a4b9181818cce225c?s=96&d=mm&r=g\",\"caption\":\"Marc Szeglat\"},\"description\":\"Marc Szeglat ist Vorstandsmitglied der Vulkanologischen Gesellschaft e.V. und bestieg 1990 seinen ersten aktiven Vulkan. Seitdem dokumentiert er hauptberuflich Vulkanausbr\u00fcche. Marc ist Autor der Seite vulkane.net.\",\"sameAs\":[\"http:\/\/www.vulkane.net\/\"],\"url\":\"https:\/\/www.vulkanologische-gesellschaft.de\/blog\/author\/marcszeglat\/\"}]}<\/script>\n<!-- \/ Yoast SEO plugin. -->","yoast_head_json":{"title":"Neue postvulkanische Manifestationen im Yellowstone NP entdeckt - Vulkanologische Gesellschaft","description":"Neue postvulkanische Manifestationen im Yellowstone NP entdeckt","robots":{"index":"index","follow":"follow","max-snippet":"max-snippet:-1","max-image-preview":"max-image-preview:large","max-video-preview":"max-video-preview:-1"},"canonical":"https:\/\/www.vulkanologische-gesellschaft.de\/blog\/2025\/10\/13\/neue-postvulkanische-manifestationen-im-yellowstone-np-entdeckt\/","og_locale":"de_DE","og_type":"article","og_title":"Neue postvulkanische Manifestationen im Yellowstone NP entdeckt - Vulkanologische Gesellschaft","og_description":"Neue postvulkanische Manifestationen im Yellowstone NP entdeckt","og_url":"https:\/\/www.vulkanologische-gesellschaft.de\/blog\/2025\/10\/13\/neue-postvulkanische-manifestationen-im-yellowstone-np-entdeckt\/","og_site_name":"Vulkanologische Gesellschaft","article_publisher":"https:\/\/www.facebook.com\/profile.php?id=100076365217120","article_published_time":"2025-10-13T17:02:32+00:00","article_modified_time":"2025-10-13T17:07:35+00:00","og_image":[{"width":1250,"height":941,"url":"https:\/\/www.vulkanologische-gesellschaft.de\/blog\/wp-content\/uploads\/2025\/10\/ver-faith.jpg","type":"image\/jpeg"}],"author":"Marc Szeglat","twitter_card":"summary_large_image","twitter_misc":{"Verfasst von":"Marc Szeglat","Gesch\u00e4tzte Lesezeit":"4\u00a0Minuten"},"schema":{"@context":"https:\/\/schema.org","@graph":[{"@type":"Article","@id":"https:\/\/www.vulkanologische-gesellschaft.de\/blog\/2025\/10\/13\/neue-postvulkanische-manifestationen-im-yellowstone-np-entdeckt\/#article","isPartOf":{"@id":"https:\/\/www.vulkanologische-gesellschaft.de\/blog\/2025\/10\/13\/neue-postvulkanische-manifestationen-im-yellowstone-np-entdeckt\/"},"author":{"name":"Marc Szeglat","@id":"https:\/\/www.vulkanologische-gesellschaft.de\/blog\/#\/schema\/person\/f023125bd99560872650a08cf7b93ebb"},"headline":"Neue postvulkanische Manifestationen im Yellowstone NP entdeckt","datePublished":"2025-10-13T17:02:32+00:00","dateModified":"2025-10-13T17:07:35+00:00","mainEntityOfPage":{"@id":"https:\/\/www.vulkanologische-gesellschaft.de\/blog\/2025\/10\/13\/neue-postvulkanische-manifestationen-im-yellowstone-np-entdeckt\/"},"wordCount":579,"commentCount":0,"publisher":{"@id":"https:\/\/www.vulkanologische-gesellschaft.de\/blog\/#organization"},"image":{"@id":"https:\/\/www.vulkanologische-gesellschaft.de\/blog\/2025\/10\/13\/neue-postvulkanische-manifestationen-im-yellowstone-np-entdeckt\/#primaryimage"},"thumbnailUrl":"https:\/\/www.vulkanologische-gesellschaft.de\/blog\/wp-content\/uploads\/2025\/10\/ver-faith.jpg","keywords":["Yellowstone"],"articleSection":["Vulkane"],"inLanguage":"de","potentialAction":[{"@type":"CommentAction","name":"Comment","target":["https:\/\/www.vulkanologische-gesellschaft.de\/blog\/2025\/10\/13\/neue-postvulkanische-manifestationen-im-yellowstone-np-entdeckt\/#respond"]}]},{"@type":"WebPage","@id":"https:\/\/www.vulkanologische-gesellschaft.de\/blog\/2025\/10\/13\/neue-postvulkanische-manifestationen-im-yellowstone-np-entdeckt\/","url":"https:\/\/www.vulkanologische-gesellschaft.de\/blog\/2025\/10\/13\/neue-postvulkanische-manifestationen-im-yellowstone-np-entdeckt\/","name":"Neue postvulkanische Manifestationen im Yellowstone NP entdeckt - Vulkanologische Gesellschaft","isPartOf":{"@id":"https:\/\/www.vulkanologische-gesellschaft.de\/blog\/#website"},"primaryImageOfPage":{"@id":"https:\/\/www.vulkanologische-gesellschaft.de\/blog\/2025\/10\/13\/neue-postvulkanische-manifestationen-im-yellowstone-np-entdeckt\/#primaryimage"},"image":{"@id":"https:\/\/www.vulkanologische-gesellschaft.de\/blog\/2025\/10\/13\/neue-postvulkanische-manifestationen-im-yellowstone-np-entdeckt\/#primaryimage"},"thumbnailUrl":"https:\/\/www.vulkanologische-gesellschaft.de\/blog\/wp-content\/uploads\/2025\/10\/ver-faith.jpg","datePublished":"2025-10-13T17:02:32+00:00","dateModified":"2025-10-13T17:07:35+00:00","description":"Neue postvulkanische Manifestationen im Yellowstone NP entdeckt","breadcrumb":{"@id":"https:\/\/www.vulkanologische-gesellschaft.de\/blog\/2025\/10\/13\/neue-postvulkanische-manifestationen-im-yellowstone-np-entdeckt\/#breadcrumb"},"inLanguage":"de","potentialAction":[{"@type":"ReadAction","target":["https:\/\/www.vulkanologische-gesellschaft.de\/blog\/2025\/10\/13\/neue-postvulkanische-manifestationen-im-yellowstone-np-entdeckt\/"]}]},{"@type":"ImageObject","inLanguage":"de","@id":"https:\/\/www.vulkanologische-gesellschaft.de\/blog\/2025\/10\/13\/neue-postvulkanische-manifestationen-im-yellowstone-np-entdeckt\/#primaryimage","url":"https:\/\/www.vulkanologische-gesellschaft.de\/blog\/wp-content\/uploads\/2025\/10\/ver-faith.jpg","contentUrl":"https:\/\/www.vulkanologische-gesellschaft.de\/blog\/wp-content\/uploads\/2025\/10\/ver-faith.jpg","width":1250,"height":941},{"@type":"BreadcrumbList","@id":"https:\/\/www.vulkanologische-gesellschaft.de\/blog\/2025\/10\/13\/neue-postvulkanische-manifestationen-im-yellowstone-np-entdeckt\/#breadcrumb","itemListElement":[{"@type":"ListItem","position":1,"name":"Startseite","item":"https:\/\/www.vulkanologische-gesellschaft.de\/blog\/"},{"@type":"ListItem","position":2,"name":"Neue postvulkanische Manifestationen im Yellowstone NP entdeckt"}]},{"@type":"WebSite","@id":"https:\/\/www.vulkanologische-gesellschaft.de\/blog\/#website","url":"https:\/\/www.vulkanologische-gesellschaft.de\/blog\/","name":"Vulkanologische Gesellschaft","description":"Gesellschaft f\u00fcr internationale Vulkanerkundung","publisher":{"@id":"https:\/\/www.vulkanologische-gesellschaft.de\/blog\/#organization"},"potentialAction":[{"@type":"SearchAction","target":{"@type":"EntryPoint","urlTemplate":"https:\/\/www.vulkanologische-gesellschaft.de\/blog\/?s={search_term_string}"},"query-input":{"@type":"PropertyValueSpecification","valueRequired":true,"valueName":"search_term_string"}}],"inLanguage":"de"},{"@type":"Organization","@id":"https:\/\/www.vulkanologische-gesellschaft.de\/blog\/#organization","name":"Vulkanologische Gesellschaft e.V","url":"https:\/\/www.vulkanologische-gesellschaft.de\/blog\/","logo":{"@type":"ImageObject","inLanguage":"de","@id":"https:\/\/www.vulkanologische-gesellschaft.de\/blog\/#\/schema\/logo\/image\/","url":"https:\/\/www.vulkanologische-gesellschaft.de\/blog\/wp-content\/uploads\/2015\/07\/logo-klein.jpg","contentUrl":"https:\/\/www.vulkanologische-gesellschaft.de\/blog\/wp-content\/uploads\/2015\/07\/logo-klein.jpg","width":140,"height":139,"caption":"Vulkanologische Gesellschaft e.V"},"image":{"@id":"https:\/\/www.vulkanologische-gesellschaft.de\/blog\/#\/schema\/logo\/image\/"},"sameAs":["https:\/\/www.facebook.com\/profile.php?id=100076365217120"]},{"@type":"Person","@id":"https:\/\/www.vulkanologische-gesellschaft.de\/blog\/#\/schema\/person\/f023125bd99560872650a08cf7b93ebb","name":"Marc Szeglat","image":{"@type":"ImageObject","inLanguage":"de","@id":"https:\/\/secure.gravatar.com\/avatar\/7dc671db686352fad8ced8a5a725f96bf1670804154aef4a4b9181818cce225c?s=96&d=mm&r=g","url":"https:\/\/secure.gravatar.com\/avatar\/7dc671db686352fad8ced8a5a725f96bf1670804154aef4a4b9181818cce225c?s=96&d=mm&r=g","contentUrl":"https:\/\/secure.gravatar.com\/avatar\/7dc671db686352fad8ced8a5a725f96bf1670804154aef4a4b9181818cce225c?s=96&d=mm&r=g","caption":"Marc Szeglat"},"description":"Marc Szeglat ist Vorstandsmitglied der Vulkanologischen Gesellschaft e.V. und bestieg 1990 seinen ersten aktiven Vulkan. Seitdem dokumentiert er hauptberuflich Vulkanausbr\u00fcche. Marc ist Autor der Seite vulkane.net.","sameAs":["http:\/\/www.vulkane.net\/"],"url":"https:\/\/www.vulkanologische-gesellschaft.de\/blog\/author\/marcszeglat\/"}]}},"_links":{"self":[{"href":"https:\/\/www.vulkanologische-gesellschaft.de\/blog\/wp-json\/wp\/v2\/posts\/932","targetHints":{"allow":["GET"]}}],"collection":[{"href":"https:\/\/www.vulkanologische-gesellschaft.de\/blog\/wp-json\/wp\/v2\/posts"}],"about":[{"href":"https:\/\/www.vulkanologische-gesellschaft.de\/blog\/wp-json\/wp\/v2\/types\/post"}],"author":[{"embeddable":true,"href":"https:\/\/www.vulkanologische-gesellschaft.de\/blog\/wp-json\/wp\/v2\/users\/1"}],"replies":[{"embeddable":true,"href":"https:\/\/www.vulkanologische-gesellschaft.de\/blog\/wp-json\/wp\/v2\/comments?post=932"}],"version-history":[{"count":6,"href":"https:\/\/www.vulkanologische-gesellschaft.de\/blog\/wp-json\/wp\/v2\/posts\/932\/revisions"}],"predecessor-version":[{"id":942,"href":"https:\/\/www.vulkanologische-gesellschaft.de\/blog\/wp-json\/wp\/v2\/posts\/932\/revisions\/942"}],"wp:featuredmedia":[{"embeddable":true,"href":"https:\/\/www.vulkanologische-gesellschaft.de\/blog\/wp-json\/wp\/v2\/media\/934"}],"wp:attachment":[{"href":"https:\/\/www.vulkanologische-gesellschaft.de\/blog\/wp-json\/wp\/v2\/media?parent=932"}],"wp:term":[{"taxonomy":"category","embeddable":true,"href":"https:\/\/www.vulkanologische-gesellschaft.de\/blog\/wp-json\/wp\/v2\/categories?post=932"},{"taxonomy":"post_tag","embeddable":true,"href":"https:\/\/www.vulkanologische-gesellschaft.de\/blog\/wp-json\/wp\/v2\/tags?post=932"}],"curies":[{"name":"wp","href":"https:\/\/api.w.org\/{rel}","templated":true}]}}