{"id":911,"date":"2025-05-28T18:19:02","date_gmt":"2025-05-28T16:19:02","guid":{"rendered":"https:\/\/www.vulkanologische-gesellschaft.de\/blog\/?p=911"},"modified":"2025-05-28T18:25:15","modified_gmt":"2025-05-28T16:25:15","slug":"nachlese-zur-hauptversammlung-2025","status":"publish","type":"post","link":"https:\/\/www.vulkanologische-gesellschaft.de\/blog\/2025\/05\/28\/nachlese-zur-hauptversammlung-2025\/","title":{"rendered":"Nachlese zur Hauptversammlung 2025"},"content":{"rendered":"<p>Die Mitglieder der Vulkanologischen Gesellschaft e.V. trafen sich am 24. Mai zur Hauptversammlung in Daun. Zuvor und danach unternahmen einige Mitglieder eine Wanderung in dem <a href=\"https:\/\/www.vulkane.net\/vulkane\/eifel\/eifel.html\" target=\"_blank\" rel=\"noopener\">Vulkangebiet der Eifel<\/a>.<\/p>\n<p>Wir trafen einige Beschl\u00fcsse in Bezug auf Investitionen und planen, die Livecam am Fuego zu erneuern, einen 4-K-Beamer f\u00fcr unsere Vortr\u00e4ge anzuschaffen und uns mit einem Schwefeldioxid-Messger\u00e4t auszur\u00fcsten. Au\u00dferdem durften wir 4 neue Mitglieder begr\u00fc\u00dfen, die zum ersten Mal an einer Versammlung teilgenommen haben.<\/p>\n<p>Die n\u00e4chste HV soll im tschechischen Franti\u0161kovy L\u00e1zn\u011b stattfinden, wo wir auch die Mofetten von Soos erwandern wollen.<\/p>\n","protected":false},"excerpt":{"rendered":"<p>Die Mitglieder der Vulkanologischen Gesellschaft e.V. trafen sich am 24. Mai zur Hauptversammlung in Daun. Zuvor und danach unternahmen einige Mitglieder eine Wanderung in dem Vulkangebiet der Eifel. Wir trafen einige Beschl\u00fcsse in Bezug auf Investitionen und planen, die Livecam am Fuego zu erneuern, einen 4-K-Beamer f\u00fcr unsere Vortr\u00e4ge anzuschaffen und uns mit einem Schwefeldioxid-Messger\u00e4t&hellip;<\/p>\n","protected":false},"author":1,"featured_media":912,"comment_status":"open","ping_status":"closed","sticky":false,"template":"","format":"standard","meta":{"footnotes":""},"categories":[5],"tags":[2,57],"class_list":["post-911","post","type-post","status-publish","format-standard","has-post-thumbnail","hentry","category-verein","tag-vulkanologische-gesellschaft","tag-vulkanverein"],"yoast_head":"<!-- This site is optimized with the Yoast SEO plugin v27.2 - https:\/\/yoast.com\/product\/yoast-seo-wordpress\/ -->\n<title>Nachlese zur Hauptversammlung 2025 - Vulkanologische Gesellschaft<\/title>\n<meta name=\"robots\" content=\"index, follow, max-snippet:-1, max-image-preview:large, max-video-preview:-1\" \/>\n<link rel=\"canonical\" href=\"https:\/\/www.vulkanologische-gesellschaft.de\/blog\/2025\/05\/28\/nachlese-zur-hauptversammlung-2025\/\" \/>\n<meta property=\"og:locale\" content=\"de_DE\" \/>\n<meta property=\"og:type\" content=\"article\" \/>\n<meta property=\"og:title\" content=\"Nachlese zur Hauptversammlung 2025 - Vulkanologische Gesellschaft\" \/>\n<meta property=\"og:description\" content=\"Die Mitglieder der Vulkanologischen Gesellschaft e.V. trafen sich am 24. Mai zur Hauptversammlung in Daun. Zuvor und danach unternahmen einige Mitglieder eine Wanderung in dem Vulkangebiet der Eifel. Wir trafen einige Beschl\u00fcsse in Bezug auf Investitionen und planen, die Livecam am Fuego zu erneuern, einen 4-K-Beamer f\u00fcr unsere Vortr\u00e4ge anzuschaffen und uns mit einem Schwefeldioxid-Messger\u00e4t&hellip;\" \/>\n<meta property=\"og:url\" content=\"https:\/\/www.vulkanologische-gesellschaft.de\/blog\/2025\/05\/28\/nachlese-zur-hauptversammlung-2025\/\" \/>\n<meta property=\"og:site_name\" content=\"Vulkanologische Gesellschaft\" \/>\n<meta property=\"article:publisher\" content=\"https:\/\/www.facebook.com\/profile.php?id=100076365217120\" \/>\n<meta property=\"article:published_time\" content=\"2025-05-28T16:19:02+00:00\" \/>\n<meta property=\"article:modified_time\" content=\"2025-05-28T16:25:15+00:00\" \/>\n<meta property=\"og:image\" content=\"https:\/\/www.vulkanologische-gesellschaft.de\/blog\/wp-content\/uploads\/2025\/05\/mit02.jpg\" \/>\n\t<meta property=\"og:image:width\" content=\"1050\" \/>\n\t<meta property=\"og:image:height\" content=\"788\" \/>\n\t<meta property=\"og:image:type\" content=\"image\/jpeg\" \/>\n<meta name=\"author\" content=\"Marc Szeglat\" \/>\n<meta name=\"twitter:card\" content=\"summary_large_image\" \/>\n<meta name=\"twitter:label1\" content=\"Verfasst von\" \/>\n\t<meta name=\"twitter:data1\" content=\"Marc Szeglat\" \/>\n<script type=\"application\/ld+json\" class=\"yoast-schema-graph\">{\"@context\":\"https:\/\/schema.org\",\"@graph\":[{\"@type\":\"Article\",\"@id\":\"https:\/\/www.vulkanologische-gesellschaft.de\/blog\/2025\/05\/28\/nachlese-zur-hauptversammlung-2025\/#article\",\"isPartOf\":{\"@id\":\"https:\/\/www.vulkanologische-gesellschaft.de\/blog\/2025\/05\/28\/nachlese-zur-hauptversammlung-2025\/\"},\"author\":{\"name\":\"Marc Szeglat\",\"@id\":\"https:\/\/www.vulkanologische-gesellschaft.de\/blog\/#\/schema\/person\/f023125bd99560872650a08cf7b93ebb\"},\"headline\":\"Nachlese zur Hauptversammlung 2025\",\"datePublished\":\"2025-05-28T16:19:02+00:00\",\"dateModified\":\"2025-05-28T16:25:15+00:00\",\"mainEntityOfPage\":{\"@id\":\"https:\/\/www.vulkanologische-gesellschaft.de\/blog\/2025\/05\/28\/nachlese-zur-hauptversammlung-2025\/\"},\"wordCount\":102,\"commentCount\":1,\"publisher\":{\"@id\":\"https:\/\/www.vulkanologische-gesellschaft.de\/blog\/#organization\"},\"image\":{\"@id\":\"https:\/\/www.vulkanologische-gesellschaft.de\/blog\/2025\/05\/28\/nachlese-zur-hauptversammlung-2025\/#primaryimage\"},\"thumbnailUrl\":\"https:\/\/www.vulkanologische-gesellschaft.de\/blog\/wp-content\/uploads\/2025\/05\/mit02.jpg\",\"keywords\":[\"Vulkanologische Gesellschaft\",\"Vulkanverein\"],\"articleSection\":[\"Verein\"],\"inLanguage\":\"de\",\"potentialAction\":[{\"@type\":\"CommentAction\",\"name\":\"Comment\",\"target\":[\"https:\/\/www.vulkanologische-gesellschaft.de\/blog\/2025\/05\/28\/nachlese-zur-hauptversammlung-2025\/#respond\"]}]},{\"@type\":\"WebPage\",\"@id\":\"https:\/\/www.vulkanologische-gesellschaft.de\/blog\/2025\/05\/28\/nachlese-zur-hauptversammlung-2025\/\",\"url\":\"https:\/\/www.vulkanologische-gesellschaft.de\/blog\/2025\/05\/28\/nachlese-zur-hauptversammlung-2025\/\",\"name\":\"Nachlese zur Hauptversammlung 2025 - Vulkanologische Gesellschaft\",\"isPartOf\":{\"@id\":\"https:\/\/www.vulkanologische-gesellschaft.de\/blog\/#website\"},\"primaryImageOfPage\":{\"@id\":\"https:\/\/www.vulkanologische-gesellschaft.de\/blog\/2025\/05\/28\/nachlese-zur-hauptversammlung-2025\/#primaryimage\"},\"image\":{\"@id\":\"https:\/\/www.vulkanologische-gesellschaft.de\/blog\/2025\/05\/28\/nachlese-zur-hauptversammlung-2025\/#primaryimage\"},\"thumbnailUrl\":\"https:\/\/www.vulkanologische-gesellschaft.de\/blog\/wp-content\/uploads\/2025\/05\/mit02.jpg\",\"datePublished\":\"2025-05-28T16:19:02+00:00\",\"dateModified\":\"2025-05-28T16:25:15+00:00\",\"breadcrumb\":{\"@id\":\"https:\/\/www.vulkanologische-gesellschaft.de\/blog\/2025\/05\/28\/nachlese-zur-hauptversammlung-2025\/#breadcrumb\"},\"inLanguage\":\"de\",\"potentialAction\":[{\"@type\":\"ReadAction\",\"target\":[\"https:\/\/www.vulkanologische-gesellschaft.de\/blog\/2025\/05\/28\/nachlese-zur-hauptversammlung-2025\/\"]}]},{\"@type\":\"ImageObject\",\"inLanguage\":\"de\",\"@id\":\"https:\/\/www.vulkanologische-gesellschaft.de\/blog\/2025\/05\/28\/nachlese-zur-hauptversammlung-2025\/#primaryimage\",\"url\":\"https:\/\/www.vulkanologische-gesellschaft.de\/blog\/wp-content\/uploads\/2025\/05\/mit02.jpg\",\"contentUrl\":\"https:\/\/www.vulkanologische-gesellschaft.de\/blog\/wp-content\/uploads\/2025\/05\/mit02.jpg\",\"width\":1050,\"height\":788},{\"@type\":\"BreadcrumbList\",\"@id\":\"https:\/\/www.vulkanologische-gesellschaft.de\/blog\/2025\/05\/28\/nachlese-zur-hauptversammlung-2025\/#breadcrumb\",\"itemListElement\":[{\"@type\":\"ListItem\",\"position\":1,\"name\":\"Startseite\",\"item\":\"https:\/\/www.vulkanologische-gesellschaft.de\/blog\/\"},{\"@type\":\"ListItem\",\"position\":2,\"name\":\"Nachlese zur Hauptversammlung 2025\"}]},{\"@type\":\"WebSite\",\"@id\":\"https:\/\/www.vulkanologische-gesellschaft.de\/blog\/#website\",\"url\":\"https:\/\/www.vulkanologische-gesellschaft.de\/blog\/\",\"name\":\"Vulkanologische Gesellschaft\",\"description\":\"Gesellschaft f\u00fcr internationale Vulkanerkundung\",\"publisher\":{\"@id\":\"https:\/\/www.vulkanologische-gesellschaft.de\/blog\/#organization\"},\"potentialAction\":[{\"@type\":\"SearchAction\",\"target\":{\"@type\":\"EntryPoint\",\"urlTemplate\":\"https:\/\/www.vulkanologische-gesellschaft.de\/blog\/?s={search_term_string}\"},\"query-input\":{\"@type\":\"PropertyValueSpecification\",\"valueRequired\":true,\"valueName\":\"search_term_string\"}}],\"inLanguage\":\"de\"},{\"@type\":\"Organization\",\"@id\":\"https:\/\/www.vulkanologische-gesellschaft.de\/blog\/#organization\",\"name\":\"Vulkanologische Gesellschaft e.V\",\"url\":\"https:\/\/www.vulkanologische-gesellschaft.de\/blog\/\",\"logo\":{\"@type\":\"ImageObject\",\"inLanguage\":\"de\",\"@id\":\"https:\/\/www.vulkanologische-gesellschaft.de\/blog\/#\/schema\/logo\/image\/\",\"url\":\"https:\/\/www.vulkanologische-gesellschaft.de\/blog\/wp-content\/uploads\/2015\/07\/logo-klein.jpg\",\"contentUrl\":\"https:\/\/www.vulkanologische-gesellschaft.de\/blog\/wp-content\/uploads\/2015\/07\/logo-klein.jpg\",\"width\":140,\"height\":139,\"caption\":\"Vulkanologische Gesellschaft e.V\"},\"image\":{\"@id\":\"https:\/\/www.vulkanologische-gesellschaft.de\/blog\/#\/schema\/logo\/image\/\"},\"sameAs\":[\"https:\/\/www.facebook.com\/profile.php?id=100076365217120\"]},{\"@type\":\"Person\",\"@id\":\"https:\/\/www.vulkanologische-gesellschaft.de\/blog\/#\/schema\/person\/f023125bd99560872650a08cf7b93ebb\",\"name\":\"Marc Szeglat\",\"image\":{\"@type\":\"ImageObject\",\"inLanguage\":\"de\",\"@id\":\"https:\/\/secure.gravatar.com\/avatar\/7dc671db686352fad8ced8a5a725f96bf1670804154aef4a4b9181818cce225c?s=96&d=mm&r=g\",\"url\":\"https:\/\/secure.gravatar.com\/avatar\/7dc671db686352fad8ced8a5a725f96bf1670804154aef4a4b9181818cce225c?s=96&d=mm&r=g\",\"contentUrl\":\"https:\/\/secure.gravatar.com\/avatar\/7dc671db686352fad8ced8a5a725f96bf1670804154aef4a4b9181818cce225c?s=96&d=mm&r=g\",\"caption\":\"Marc Szeglat\"},\"description\":\"Marc Szeglat ist Vorstandsmitglied der Vulkanologischen Gesellschaft e.V. und bestieg 1990 seinen ersten aktiven Vulkan. Seitdem dokumentiert er hauptberuflich Vulkanausbr\u00fcche. Marc ist Autor der Seite vulkane.net.\",\"sameAs\":[\"http:\/\/www.vulkane.net\/\"],\"url\":\"https:\/\/www.vulkanologische-gesellschaft.de\/blog\/author\/marcszeglat\/\"}]}<\/script>\n<!-- \/ Yoast SEO plugin. -->","yoast_head_json":{"title":"Nachlese zur Hauptversammlung 2025 - Vulkanologische Gesellschaft","robots":{"index":"index","follow":"follow","max-snippet":"max-snippet:-1","max-image-preview":"max-image-preview:large","max-video-preview":"max-video-preview:-1"},"canonical":"https:\/\/www.vulkanologische-gesellschaft.de\/blog\/2025\/05\/28\/nachlese-zur-hauptversammlung-2025\/","og_locale":"de_DE","og_type":"article","og_title":"Nachlese zur Hauptversammlung 2025 - Vulkanologische Gesellschaft","og_description":"Die Mitglieder der Vulkanologischen Gesellschaft e.V. trafen sich am 24. Mai zur Hauptversammlung in Daun. Zuvor und danach unternahmen einige Mitglieder eine Wanderung in dem Vulkangebiet der Eifel. Wir trafen einige Beschl\u00fcsse in Bezug auf Investitionen und planen, die Livecam am Fuego zu erneuern, einen 4-K-Beamer f\u00fcr unsere Vortr\u00e4ge anzuschaffen und uns mit einem Schwefeldioxid-Messger\u00e4t&hellip;","og_url":"https:\/\/www.vulkanologische-gesellschaft.de\/blog\/2025\/05\/28\/nachlese-zur-hauptversammlung-2025\/","og_site_name":"Vulkanologische Gesellschaft","article_publisher":"https:\/\/www.facebook.com\/profile.php?id=100076365217120","article_published_time":"2025-05-28T16:19:02+00:00","article_modified_time":"2025-05-28T16:25:15+00:00","og_image":[{"width":1050,"height":788,"url":"https:\/\/www.vulkanologische-gesellschaft.de\/blog\/wp-content\/uploads\/2025\/05\/mit02.jpg","type":"image\/jpeg"}],"author":"Marc Szeglat","twitter_card":"summary_large_image","twitter_misc":{"Verfasst von":"Marc Szeglat"},"schema":{"@context":"https:\/\/schema.org","@graph":[{"@type":"Article","@id":"https:\/\/www.vulkanologische-gesellschaft.de\/blog\/2025\/05\/28\/nachlese-zur-hauptversammlung-2025\/#article","isPartOf":{"@id":"https:\/\/www.vulkanologische-gesellschaft.de\/blog\/2025\/05\/28\/nachlese-zur-hauptversammlung-2025\/"},"author":{"name":"Marc Szeglat","@id":"https:\/\/www.vulkanologische-gesellschaft.de\/blog\/#\/schema\/person\/f023125bd99560872650a08cf7b93ebb"},"headline":"Nachlese zur Hauptversammlung 2025","datePublished":"2025-05-28T16:19:02+00:00","dateModified":"2025-05-28T16:25:15+00:00","mainEntityOfPage":{"@id":"https:\/\/www.vulkanologische-gesellschaft.de\/blog\/2025\/05\/28\/nachlese-zur-hauptversammlung-2025\/"},"wordCount":102,"commentCount":1,"publisher":{"@id":"https:\/\/www.vulkanologische-gesellschaft.de\/blog\/#organization"},"image":{"@id":"https:\/\/www.vulkanologische-gesellschaft.de\/blog\/2025\/05\/28\/nachlese-zur-hauptversammlung-2025\/#primaryimage"},"thumbnailUrl":"https:\/\/www.vulkanologische-gesellschaft.de\/blog\/wp-content\/uploads\/2025\/05\/mit02.jpg","keywords":["Vulkanologische Gesellschaft","Vulkanverein"],"articleSection":["Verein"],"inLanguage":"de","potentialAction":[{"@type":"CommentAction","name":"Comment","target":["https:\/\/www.vulkanologische-gesellschaft.de\/blog\/2025\/05\/28\/nachlese-zur-hauptversammlung-2025\/#respond"]}]},{"@type":"WebPage","@id":"https:\/\/www.vulkanologische-gesellschaft.de\/blog\/2025\/05\/28\/nachlese-zur-hauptversammlung-2025\/","url":"https:\/\/www.vulkanologische-gesellschaft.de\/blog\/2025\/05\/28\/nachlese-zur-hauptversammlung-2025\/","name":"Nachlese zur Hauptversammlung 2025 - Vulkanologische Gesellschaft","isPartOf":{"@id":"https:\/\/www.vulkanologische-gesellschaft.de\/blog\/#website"},"primaryImageOfPage":{"@id":"https:\/\/www.vulkanologische-gesellschaft.de\/blog\/2025\/05\/28\/nachlese-zur-hauptversammlung-2025\/#primaryimage"},"image":{"@id":"https:\/\/www.vulkanologische-gesellschaft.de\/blog\/2025\/05\/28\/nachlese-zur-hauptversammlung-2025\/#primaryimage"},"thumbnailUrl":"https:\/\/www.vulkanologische-gesellschaft.de\/blog\/wp-content\/uploads\/2025\/05\/mit02.jpg","datePublished":"2025-05-28T16:19:02+00:00","dateModified":"2025-05-28T16:25:15+00:00","breadcrumb":{"@id":"https:\/\/www.vulkanologische-gesellschaft.de\/blog\/2025\/05\/28\/nachlese-zur-hauptversammlung-2025\/#breadcrumb"},"inLanguage":"de","potentialAction":[{"@type":"ReadAction","target":["https:\/\/www.vulkanologische-gesellschaft.de\/blog\/2025\/05\/28\/nachlese-zur-hauptversammlung-2025\/"]}]},{"@type":"ImageObject","inLanguage":"de","@id":"https:\/\/www.vulkanologische-gesellschaft.de\/blog\/2025\/05\/28\/nachlese-zur-hauptversammlung-2025\/#primaryimage","url":"https:\/\/www.vulkanologische-gesellschaft.de\/blog\/wp-content\/uploads\/2025\/05\/mit02.jpg","contentUrl":"https:\/\/www.vulkanologische-gesellschaft.de\/blog\/wp-content\/uploads\/2025\/05\/mit02.jpg","width":1050,"height":788},{"@type":"BreadcrumbList","@id":"https:\/\/www.vulkanologische-gesellschaft.de\/blog\/2025\/05\/28\/nachlese-zur-hauptversammlung-2025\/#breadcrumb","itemListElement":[{"@type":"ListItem","position":1,"name":"Startseite","item":"https:\/\/www.vulkanologische-gesellschaft.de\/blog\/"},{"@type":"ListItem","position":2,"name":"Nachlese zur Hauptversammlung 2025"}]},{"@type":"WebSite","@id":"https:\/\/www.vulkanologische-gesellschaft.de\/blog\/#website","url":"https:\/\/www.vulkanologische-gesellschaft.de\/blog\/","name":"Vulkanologische Gesellschaft","description":"Gesellschaft f\u00fcr internationale Vulkanerkundung","publisher":{"@id":"https:\/\/www.vulkanologische-gesellschaft.de\/blog\/#organization"},"potentialAction":[{"@type":"SearchAction","target":{"@type":"EntryPoint","urlTemplate":"https:\/\/www.vulkanologische-gesellschaft.de\/blog\/?s={search_term_string}"},"query-input":{"@type":"PropertyValueSpecification","valueRequired":true,"valueName":"search_term_string"}}],"inLanguage":"de"},{"@type":"Organization","@id":"https:\/\/www.vulkanologische-gesellschaft.de\/blog\/#organization","name":"Vulkanologische Gesellschaft e.V","url":"https:\/\/www.vulkanologische-gesellschaft.de\/blog\/","logo":{"@type":"ImageObject","inLanguage":"de","@id":"https:\/\/www.vulkanologische-gesellschaft.de\/blog\/#\/schema\/logo\/image\/","url":"https:\/\/www.vulkanologische-gesellschaft.de\/blog\/wp-content\/uploads\/2015\/07\/logo-klein.jpg","contentUrl":"https:\/\/www.vulkanologische-gesellschaft.de\/blog\/wp-content\/uploads\/2015\/07\/logo-klein.jpg","width":140,"height":139,"caption":"Vulkanologische Gesellschaft e.V"},"image":{"@id":"https:\/\/www.vulkanologische-gesellschaft.de\/blog\/#\/schema\/logo\/image\/"},"sameAs":["https:\/\/www.facebook.com\/profile.php?id=100076365217120"]},{"@type":"Person","@id":"https:\/\/www.vulkanologische-gesellschaft.de\/blog\/#\/schema\/person\/f023125bd99560872650a08cf7b93ebb","name":"Marc Szeglat","image":{"@type":"ImageObject","inLanguage":"de","@id":"https:\/\/secure.gravatar.com\/avatar\/7dc671db686352fad8ced8a5a725f96bf1670804154aef4a4b9181818cce225c?s=96&d=mm&r=g","url":"https:\/\/secure.gravatar.com\/avatar\/7dc671db686352fad8ced8a5a725f96bf1670804154aef4a4b9181818cce225c?s=96&d=mm&r=g","contentUrl":"https:\/\/secure.gravatar.com\/avatar\/7dc671db686352fad8ced8a5a725f96bf1670804154aef4a4b9181818cce225c?s=96&d=mm&r=g","caption":"Marc Szeglat"},"description":"Marc Szeglat ist Vorstandsmitglied der Vulkanologischen Gesellschaft e.V. und bestieg 1990 seinen ersten aktiven Vulkan. Seitdem dokumentiert er hauptberuflich Vulkanausbr\u00fcche. Marc ist Autor der Seite vulkane.net.","sameAs":["http:\/\/www.vulkane.net\/"],"url":"https:\/\/www.vulkanologische-gesellschaft.de\/blog\/author\/marcszeglat\/"}]}},"_links":{"self":[{"href":"https:\/\/www.vulkanologische-gesellschaft.de\/blog\/wp-json\/wp\/v2\/posts\/911","targetHints":{"allow":["GET"]}}],"collection":[{"href":"https:\/\/www.vulkanologische-gesellschaft.de\/blog\/wp-json\/wp\/v2\/posts"}],"about":[{"href":"https:\/\/www.vulkanologische-gesellschaft.de\/blog\/wp-json\/wp\/v2\/types\/post"}],"author":[{"embeddable":true,"href":"https:\/\/www.vulkanologische-gesellschaft.de\/blog\/wp-json\/wp\/v2\/users\/1"}],"replies":[{"embeddable":true,"href":"https:\/\/www.vulkanologische-gesellschaft.de\/blog\/wp-json\/wp\/v2\/comments?post=911"}],"version-history":[{"count":4,"href":"https:\/\/www.vulkanologische-gesellschaft.de\/blog\/wp-json\/wp\/v2\/posts\/911\/revisions"}],"predecessor-version":[{"id":916,"href":"https:\/\/www.vulkanologische-gesellschaft.de\/blog\/wp-json\/wp\/v2\/posts\/911\/revisions\/916"}],"wp:featuredmedia":[{"embeddable":true,"href":"https:\/\/www.vulkanologische-gesellschaft.de\/blog\/wp-json\/wp\/v2\/media\/912"}],"wp:attachment":[{"href":"https:\/\/www.vulkanologische-gesellschaft.de\/blog\/wp-json\/wp\/v2\/media?parent=911"}],"wp:term":[{"taxonomy":"category","embeddable":true,"href":"https:\/\/www.vulkanologische-gesellschaft.de\/blog\/wp-json\/wp\/v2\/categories?post=911"},{"taxonomy":"post_tag","embeddable":true,"href":"https:\/\/www.vulkanologische-gesellschaft.de\/blog\/wp-json\/wp\/v2\/tags?post=911"}],"curies":[{"name":"wp","href":"https:\/\/api.w.org\/{rel}","templated":true}]}}