{"id":840,"date":"2022-03-19T18:09:15","date_gmt":"2022-03-19T17:09:15","guid":{"rendered":"https:\/\/www.vulkanologische-gesellschaft.de\/blog\/?p=840"},"modified":"2022-05-25T20:43:22","modified_gmt":"2022-05-25T18:43:22","slug":"fotoausstellung-und-vortrag-in-oberhausen","status":"publish","type":"post","link":"https:\/\/www.vulkanologische-gesellschaft.de\/blog\/2022\/03\/19\/fotoausstellung-und-vortrag-in-oberhausen\/","title":{"rendered":"Fotoausstellung und Vortrag in Oberhausen"},"content":{"rendered":"<p><a href=\"https:\/\/www.vulkanologische-gesellschaft.de\/blog\/wp-content\/uploads\/2022\/03\/IMG_20220524_112545_2-Mittel.jpg\"><img loading=\"lazy\" decoding=\"async\" class=\"alignleft wp-image-881 size-medium\" src=\"https:\/\/www.vulkanologische-gesellschaft.de\/blog\/wp-content\/uploads\/2022\/03\/IMG_20220524_112545_2-Mittel-300x225.jpg\" alt=\"\" width=\"300\" height=\"225\" srcset=\"https:\/\/www.vulkanologische-gesellschaft.de\/blog\/wp-content\/uploads\/2022\/03\/IMG_20220524_112545_2-Mittel-300x225.jpg 300w, https:\/\/www.vulkanologische-gesellschaft.de\/blog\/wp-content\/uploads\/2022\/03\/IMG_20220524_112545_2-Mittel-700x525.jpg 700w, https:\/\/www.vulkanologische-gesellschaft.de\/blog\/wp-content\/uploads\/2022\/03\/IMG_20220524_112545_2-Mittel-768x576.jpg 768w, https:\/\/www.vulkanologische-gesellschaft.de\/blog\/wp-content\/uploads\/2022\/03\/IMG_20220524_112545_2-Mittel-120x90.jpg 120w, https:\/\/www.vulkanologische-gesellschaft.de\/blog\/wp-content\/uploads\/2022\/03\/IMG_20220524_112545_2-Mittel.jpg 1024w\" sizes=\"auto, (max-width: 300px) 100vw, 300px\" \/><\/a>Am 30. Mai 2022 stellen Mitglieder unseres Vereins ihre Vulkanfotos aus. Ort der Ausstellung ist die VHS Oberhausen, Bert-Brecht-Haus, Foyer 3. Etage. Adresse: Paul-Reusch-Stra\u00dfe 36, 46045 Oberhausen. Die Ausstellung geht bis zum 15. Juli 2022.<\/p>\n<p>In diesem Zusammenhang pr\u00e4sentiert Marc Szeglat einen Multimediavortrag \u00fcber Vulkane. Er findet am Donnerstag, dem 09. Juni 2022 von 18-19 Uhr statt. Gleiche Adresse wie die Ausstellung, Raum 330 a. Ausstellung und Vortrag sind kostenlos. Bitte um kurze Notiz per Email, wer zum Vortrag kommen m\u00f6chte.<\/p>\n","protected":false},"excerpt":{"rendered":"<p>Am 30. Mai 2022 stellen Mitglieder unseres Vereins ihre Vulkanfotos aus. Ort der Ausstellung ist die VHS Oberhausen, Bert-Brecht-Haus, Foyer 3. Etage. Adresse: Paul-Reusch-Stra\u00dfe 36, 46045 Oberhausen. Die Ausstellung geht bis zum 15. Juli 2022. In diesem Zusammenhang pr\u00e4sentiert Marc Szeglat einen Multimediavortrag \u00fcber Vulkane. Er findet am Donnerstag, dem 09. Juni 2022 von 18-19&hellip;<\/p>\n","protected":false},"author":1,"featured_media":425,"comment_status":"open","ping_status":"closed","sticky":false,"template":"","format":"standard","meta":{"footnotes":""},"categories":[104],"tags":[],"class_list":["post-840","post","type-post","status-publish","format-standard","has-post-thumbnail","hentry","category-ausstellung"],"yoast_head":"<!-- This site is optimized with the Yoast SEO plugin v27.2 - https:\/\/yoast.com\/product\/yoast-seo-wordpress\/ -->\n<title>Fotoausstellung und Vortrag in Oberhausen - Vulkanologische Gesellschaft<\/title>\n<meta name=\"robots\" content=\"index, follow, max-snippet:-1, max-image-preview:large, max-video-preview:-1\" \/>\n<link rel=\"canonical\" href=\"https:\/\/www.vulkanologische-gesellschaft.de\/blog\/2022\/03\/19\/fotoausstellung-und-vortrag-in-oberhausen\/\" \/>\n<meta property=\"og:locale\" content=\"de_DE\" \/>\n<meta property=\"og:type\" content=\"article\" \/>\n<meta property=\"og:title\" content=\"Fotoausstellung und Vortrag in Oberhausen - Vulkanologische Gesellschaft\" \/>\n<meta property=\"og:description\" content=\"Am 30. Mai 2022 stellen Mitglieder unseres Vereins ihre Vulkanfotos aus. Ort der Ausstellung ist die VHS Oberhausen, Bert-Brecht-Haus, Foyer 3. Etage. Adresse: Paul-Reusch-Stra\u00dfe 36, 46045 Oberhausen. Die Ausstellung geht bis zum 15. Juli 2022. In diesem Zusammenhang pr\u00e4sentiert Marc Szeglat einen Multimediavortrag \u00fcber Vulkane. Er findet am Donnerstag, dem 09. Juni 2022 von 18-19&hellip;\" \/>\n<meta property=\"og:url\" content=\"https:\/\/www.vulkanologische-gesellschaft.de\/blog\/2022\/03\/19\/fotoausstellung-und-vortrag-in-oberhausen\/\" \/>\n<meta property=\"og:site_name\" content=\"Vulkanologische Gesellschaft\" \/>\n<meta property=\"article:publisher\" content=\"https:\/\/www.facebook.com\/profile.php?id=100076365217120\" \/>\n<meta property=\"article:published_time\" content=\"2022-03-19T17:09:15+00:00\" \/>\n<meta property=\"article:modified_time\" content=\"2022-05-25T18:43:22+00:00\" \/>\n<meta property=\"og:image\" content=\"https:\/\/www.vulkanologische-gesellschaft.de\/blog\/wp-content\/uploads\/2016\/05\/boeckel-rietze.jpg\" \/>\n\t<meta property=\"og:image:width\" content=\"950\" \/>\n\t<meta property=\"og:image:height\" content=\"712\" \/>\n\t<meta property=\"og:image:type\" content=\"image\/jpeg\" \/>\n<meta name=\"author\" content=\"Marc Szeglat\" \/>\n<meta name=\"twitter:card\" content=\"summary_large_image\" \/>\n<meta name=\"twitter:label1\" content=\"Verfasst von\" \/>\n\t<meta name=\"twitter:data1\" content=\"Marc Szeglat\" \/>\n<script type=\"application\/ld+json\" class=\"yoast-schema-graph\">{\"@context\":\"https:\/\/schema.org\",\"@graph\":[{\"@type\":\"Article\",\"@id\":\"https:\/\/www.vulkanologische-gesellschaft.de\/blog\/2022\/03\/19\/fotoausstellung-und-vortrag-in-oberhausen\/#article\",\"isPartOf\":{\"@id\":\"https:\/\/www.vulkanologische-gesellschaft.de\/blog\/2022\/03\/19\/fotoausstellung-und-vortrag-in-oberhausen\/\"},\"author\":{\"name\":\"Marc Szeglat\",\"@id\":\"https:\/\/www.vulkanologische-gesellschaft.de\/blog\/#\/schema\/person\/f023125bd99560872650a08cf7b93ebb\"},\"headline\":\"Fotoausstellung und Vortrag in Oberhausen\",\"datePublished\":\"2022-03-19T17:09:15+00:00\",\"dateModified\":\"2022-05-25T18:43:22+00:00\",\"mainEntityOfPage\":{\"@id\":\"https:\/\/www.vulkanologische-gesellschaft.de\/blog\/2022\/03\/19\/fotoausstellung-und-vortrag-in-oberhausen\/\"},\"wordCount\":79,\"commentCount\":0,\"publisher\":{\"@id\":\"https:\/\/www.vulkanologische-gesellschaft.de\/blog\/#organization\"},\"image\":{\"@id\":\"https:\/\/www.vulkanologische-gesellschaft.de\/blog\/2022\/03\/19\/fotoausstellung-und-vortrag-in-oberhausen\/#primaryimage\"},\"thumbnailUrl\":\"https:\/\/www.vulkanologische-gesellschaft.de\/blog\/wp-content\/uploads\/2016\/05\/boeckel-rietze.jpg\",\"articleSection\":[\"Ausstellung\"],\"inLanguage\":\"de\",\"potentialAction\":[{\"@type\":\"CommentAction\",\"name\":\"Comment\",\"target\":[\"https:\/\/www.vulkanologische-gesellschaft.de\/blog\/2022\/03\/19\/fotoausstellung-und-vortrag-in-oberhausen\/#respond\"]}]},{\"@type\":\"WebPage\",\"@id\":\"https:\/\/www.vulkanologische-gesellschaft.de\/blog\/2022\/03\/19\/fotoausstellung-und-vortrag-in-oberhausen\/\",\"url\":\"https:\/\/www.vulkanologische-gesellschaft.de\/blog\/2022\/03\/19\/fotoausstellung-und-vortrag-in-oberhausen\/\",\"name\":\"Fotoausstellung und Vortrag in Oberhausen - Vulkanologische Gesellschaft\",\"isPartOf\":{\"@id\":\"https:\/\/www.vulkanologische-gesellschaft.de\/blog\/#website\"},\"primaryImageOfPage\":{\"@id\":\"https:\/\/www.vulkanologische-gesellschaft.de\/blog\/2022\/03\/19\/fotoausstellung-und-vortrag-in-oberhausen\/#primaryimage\"},\"image\":{\"@id\":\"https:\/\/www.vulkanologische-gesellschaft.de\/blog\/2022\/03\/19\/fotoausstellung-und-vortrag-in-oberhausen\/#primaryimage\"},\"thumbnailUrl\":\"https:\/\/www.vulkanologische-gesellschaft.de\/blog\/wp-content\/uploads\/2016\/05\/boeckel-rietze.jpg\",\"datePublished\":\"2022-03-19T17:09:15+00:00\",\"dateModified\":\"2022-05-25T18:43:22+00:00\",\"breadcrumb\":{\"@id\":\"https:\/\/www.vulkanologische-gesellschaft.de\/blog\/2022\/03\/19\/fotoausstellung-und-vortrag-in-oberhausen\/#breadcrumb\"},\"inLanguage\":\"de\",\"potentialAction\":[{\"@type\":\"ReadAction\",\"target\":[\"https:\/\/www.vulkanologische-gesellschaft.de\/blog\/2022\/03\/19\/fotoausstellung-und-vortrag-in-oberhausen\/\"]}]},{\"@type\":\"ImageObject\",\"inLanguage\":\"de\",\"@id\":\"https:\/\/www.vulkanologische-gesellschaft.de\/blog\/2022\/03\/19\/fotoausstellung-und-vortrag-in-oberhausen\/#primaryimage\",\"url\":\"https:\/\/www.vulkanologische-gesellschaft.de\/blog\/wp-content\/uploads\/2016\/05\/boeckel-rietze.jpg\",\"contentUrl\":\"https:\/\/www.vulkanologische-gesellschaft.de\/blog\/wp-content\/uploads\/2016\/05\/boeckel-rietze.jpg\",\"width\":950,\"height\":712},{\"@type\":\"BreadcrumbList\",\"@id\":\"https:\/\/www.vulkanologische-gesellschaft.de\/blog\/2022\/03\/19\/fotoausstellung-und-vortrag-in-oberhausen\/#breadcrumb\",\"itemListElement\":[{\"@type\":\"ListItem\",\"position\":1,\"name\":\"Startseite\",\"item\":\"https:\/\/www.vulkanologische-gesellschaft.de\/blog\/\"},{\"@type\":\"ListItem\",\"position\":2,\"name\":\"Fotoausstellung und Vortrag in Oberhausen\"}]},{\"@type\":\"WebSite\",\"@id\":\"https:\/\/www.vulkanologische-gesellschaft.de\/blog\/#website\",\"url\":\"https:\/\/www.vulkanologische-gesellschaft.de\/blog\/\",\"name\":\"Vulkanologische Gesellschaft\",\"description\":\"Gesellschaft f\u00fcr internationale Vulkanerkundung\",\"publisher\":{\"@id\":\"https:\/\/www.vulkanologische-gesellschaft.de\/blog\/#organization\"},\"potentialAction\":[{\"@type\":\"SearchAction\",\"target\":{\"@type\":\"EntryPoint\",\"urlTemplate\":\"https:\/\/www.vulkanologische-gesellschaft.de\/blog\/?s={search_term_string}\"},\"query-input\":{\"@type\":\"PropertyValueSpecification\",\"valueRequired\":true,\"valueName\":\"search_term_string\"}}],\"inLanguage\":\"de\"},{\"@type\":\"Organization\",\"@id\":\"https:\/\/www.vulkanologische-gesellschaft.de\/blog\/#organization\",\"name\":\"Vulkanologische Gesellschaft e.V\",\"url\":\"https:\/\/www.vulkanologische-gesellschaft.de\/blog\/\",\"logo\":{\"@type\":\"ImageObject\",\"inLanguage\":\"de\",\"@id\":\"https:\/\/www.vulkanologische-gesellschaft.de\/blog\/#\/schema\/logo\/image\/\",\"url\":\"https:\/\/www.vulkanologische-gesellschaft.de\/blog\/wp-content\/uploads\/2015\/07\/logo-klein.jpg\",\"contentUrl\":\"https:\/\/www.vulkanologische-gesellschaft.de\/blog\/wp-content\/uploads\/2015\/07\/logo-klein.jpg\",\"width\":140,\"height\":139,\"caption\":\"Vulkanologische Gesellschaft e.V\"},\"image\":{\"@id\":\"https:\/\/www.vulkanologische-gesellschaft.de\/blog\/#\/schema\/logo\/image\/\"},\"sameAs\":[\"https:\/\/www.facebook.com\/profile.php?id=100076365217120\"]},{\"@type\":\"Person\",\"@id\":\"https:\/\/www.vulkanologische-gesellschaft.de\/blog\/#\/schema\/person\/f023125bd99560872650a08cf7b93ebb\",\"name\":\"Marc Szeglat\",\"image\":{\"@type\":\"ImageObject\",\"inLanguage\":\"de\",\"@id\":\"https:\/\/secure.gravatar.com\/avatar\/7dc671db686352fad8ced8a5a725f96bf1670804154aef4a4b9181818cce225c?s=96&d=mm&r=g\",\"url\":\"https:\/\/secure.gravatar.com\/avatar\/7dc671db686352fad8ced8a5a725f96bf1670804154aef4a4b9181818cce225c?s=96&d=mm&r=g\",\"contentUrl\":\"https:\/\/secure.gravatar.com\/avatar\/7dc671db686352fad8ced8a5a725f96bf1670804154aef4a4b9181818cce225c?s=96&d=mm&r=g\",\"caption\":\"Marc Szeglat\"},\"description\":\"Marc Szeglat ist Vorstandsmitglied der Vulkanologischen Gesellschaft e.V. und bestieg 1990 seinen ersten aktiven Vulkan. Seitdem dokumentiert er hauptberuflich Vulkanausbr\u00fcche. Marc ist Autor der Seite vulkane.net.\",\"sameAs\":[\"http:\/\/www.vulkane.net\/\"],\"url\":\"https:\/\/www.vulkanologische-gesellschaft.de\/blog\/author\/marcszeglat\/\"}]}<\/script>\n<!-- \/ Yoast SEO plugin. -->","yoast_head_json":{"title":"Fotoausstellung und Vortrag in Oberhausen - Vulkanologische Gesellschaft","robots":{"index":"index","follow":"follow","max-snippet":"max-snippet:-1","max-image-preview":"max-image-preview:large","max-video-preview":"max-video-preview:-1"},"canonical":"https:\/\/www.vulkanologische-gesellschaft.de\/blog\/2022\/03\/19\/fotoausstellung-und-vortrag-in-oberhausen\/","og_locale":"de_DE","og_type":"article","og_title":"Fotoausstellung und Vortrag in Oberhausen - Vulkanologische Gesellschaft","og_description":"Am 30. Mai 2022 stellen Mitglieder unseres Vereins ihre Vulkanfotos aus. Ort der Ausstellung ist die VHS Oberhausen, Bert-Brecht-Haus, Foyer 3. Etage. Adresse: Paul-Reusch-Stra\u00dfe 36, 46045 Oberhausen. Die Ausstellung geht bis zum 15. Juli 2022. In diesem Zusammenhang pr\u00e4sentiert Marc Szeglat einen Multimediavortrag \u00fcber Vulkane. Er findet am Donnerstag, dem 09. Juni 2022 von 18-19&hellip;","og_url":"https:\/\/www.vulkanologische-gesellschaft.de\/blog\/2022\/03\/19\/fotoausstellung-und-vortrag-in-oberhausen\/","og_site_name":"Vulkanologische Gesellschaft","article_publisher":"https:\/\/www.facebook.com\/profile.php?id=100076365217120","article_published_time":"2022-03-19T17:09:15+00:00","article_modified_time":"2022-05-25T18:43:22+00:00","og_image":[{"width":950,"height":712,"url":"https:\/\/www.vulkanologische-gesellschaft.de\/blog\/wp-content\/uploads\/2016\/05\/boeckel-rietze.jpg","type":"image\/jpeg"}],"author":"Marc Szeglat","twitter_card":"summary_large_image","twitter_misc":{"Verfasst von":"Marc Szeglat"},"schema":{"@context":"https:\/\/schema.org","@graph":[{"@type":"Article","@id":"https:\/\/www.vulkanologische-gesellschaft.de\/blog\/2022\/03\/19\/fotoausstellung-und-vortrag-in-oberhausen\/#article","isPartOf":{"@id":"https:\/\/www.vulkanologische-gesellschaft.de\/blog\/2022\/03\/19\/fotoausstellung-und-vortrag-in-oberhausen\/"},"author":{"name":"Marc Szeglat","@id":"https:\/\/www.vulkanologische-gesellschaft.de\/blog\/#\/schema\/person\/f023125bd99560872650a08cf7b93ebb"},"headline":"Fotoausstellung und Vortrag in Oberhausen","datePublished":"2022-03-19T17:09:15+00:00","dateModified":"2022-05-25T18:43:22+00:00","mainEntityOfPage":{"@id":"https:\/\/www.vulkanologische-gesellschaft.de\/blog\/2022\/03\/19\/fotoausstellung-und-vortrag-in-oberhausen\/"},"wordCount":79,"commentCount":0,"publisher":{"@id":"https:\/\/www.vulkanologische-gesellschaft.de\/blog\/#organization"},"image":{"@id":"https:\/\/www.vulkanologische-gesellschaft.de\/blog\/2022\/03\/19\/fotoausstellung-und-vortrag-in-oberhausen\/#primaryimage"},"thumbnailUrl":"https:\/\/www.vulkanologische-gesellschaft.de\/blog\/wp-content\/uploads\/2016\/05\/boeckel-rietze.jpg","articleSection":["Ausstellung"],"inLanguage":"de","potentialAction":[{"@type":"CommentAction","name":"Comment","target":["https:\/\/www.vulkanologische-gesellschaft.de\/blog\/2022\/03\/19\/fotoausstellung-und-vortrag-in-oberhausen\/#respond"]}]},{"@type":"WebPage","@id":"https:\/\/www.vulkanologische-gesellschaft.de\/blog\/2022\/03\/19\/fotoausstellung-und-vortrag-in-oberhausen\/","url":"https:\/\/www.vulkanologische-gesellschaft.de\/blog\/2022\/03\/19\/fotoausstellung-und-vortrag-in-oberhausen\/","name":"Fotoausstellung und Vortrag in Oberhausen - Vulkanologische Gesellschaft","isPartOf":{"@id":"https:\/\/www.vulkanologische-gesellschaft.de\/blog\/#website"},"primaryImageOfPage":{"@id":"https:\/\/www.vulkanologische-gesellschaft.de\/blog\/2022\/03\/19\/fotoausstellung-und-vortrag-in-oberhausen\/#primaryimage"},"image":{"@id":"https:\/\/www.vulkanologische-gesellschaft.de\/blog\/2022\/03\/19\/fotoausstellung-und-vortrag-in-oberhausen\/#primaryimage"},"thumbnailUrl":"https:\/\/www.vulkanologische-gesellschaft.de\/blog\/wp-content\/uploads\/2016\/05\/boeckel-rietze.jpg","datePublished":"2022-03-19T17:09:15+00:00","dateModified":"2022-05-25T18:43:22+00:00","breadcrumb":{"@id":"https:\/\/www.vulkanologische-gesellschaft.de\/blog\/2022\/03\/19\/fotoausstellung-und-vortrag-in-oberhausen\/#breadcrumb"},"inLanguage":"de","potentialAction":[{"@type":"ReadAction","target":["https:\/\/www.vulkanologische-gesellschaft.de\/blog\/2022\/03\/19\/fotoausstellung-und-vortrag-in-oberhausen\/"]}]},{"@type":"ImageObject","inLanguage":"de","@id":"https:\/\/www.vulkanologische-gesellschaft.de\/blog\/2022\/03\/19\/fotoausstellung-und-vortrag-in-oberhausen\/#primaryimage","url":"https:\/\/www.vulkanologische-gesellschaft.de\/blog\/wp-content\/uploads\/2016\/05\/boeckel-rietze.jpg","contentUrl":"https:\/\/www.vulkanologische-gesellschaft.de\/blog\/wp-content\/uploads\/2016\/05\/boeckel-rietze.jpg","width":950,"height":712},{"@type":"BreadcrumbList","@id":"https:\/\/www.vulkanologische-gesellschaft.de\/blog\/2022\/03\/19\/fotoausstellung-und-vortrag-in-oberhausen\/#breadcrumb","itemListElement":[{"@type":"ListItem","position":1,"name":"Startseite","item":"https:\/\/www.vulkanologische-gesellschaft.de\/blog\/"},{"@type":"ListItem","position":2,"name":"Fotoausstellung und Vortrag in Oberhausen"}]},{"@type":"WebSite","@id":"https:\/\/www.vulkanologische-gesellschaft.de\/blog\/#website","url":"https:\/\/www.vulkanologische-gesellschaft.de\/blog\/","name":"Vulkanologische Gesellschaft","description":"Gesellschaft f\u00fcr internationale Vulkanerkundung","publisher":{"@id":"https:\/\/www.vulkanologische-gesellschaft.de\/blog\/#organization"},"potentialAction":[{"@type":"SearchAction","target":{"@type":"EntryPoint","urlTemplate":"https:\/\/www.vulkanologische-gesellschaft.de\/blog\/?s={search_term_string}"},"query-input":{"@type":"PropertyValueSpecification","valueRequired":true,"valueName":"search_term_string"}}],"inLanguage":"de"},{"@type":"Organization","@id":"https:\/\/www.vulkanologische-gesellschaft.de\/blog\/#organization","name":"Vulkanologische Gesellschaft e.V","url":"https:\/\/www.vulkanologische-gesellschaft.de\/blog\/","logo":{"@type":"ImageObject","inLanguage":"de","@id":"https:\/\/www.vulkanologische-gesellschaft.de\/blog\/#\/schema\/logo\/image\/","url":"https:\/\/www.vulkanologische-gesellschaft.de\/blog\/wp-content\/uploads\/2015\/07\/logo-klein.jpg","contentUrl":"https:\/\/www.vulkanologische-gesellschaft.de\/blog\/wp-content\/uploads\/2015\/07\/logo-klein.jpg","width":140,"height":139,"caption":"Vulkanologische Gesellschaft e.V"},"image":{"@id":"https:\/\/www.vulkanologische-gesellschaft.de\/blog\/#\/schema\/logo\/image\/"},"sameAs":["https:\/\/www.facebook.com\/profile.php?id=100076365217120"]},{"@type":"Person","@id":"https:\/\/www.vulkanologische-gesellschaft.de\/blog\/#\/schema\/person\/f023125bd99560872650a08cf7b93ebb","name":"Marc Szeglat","image":{"@type":"ImageObject","inLanguage":"de","@id":"https:\/\/secure.gravatar.com\/avatar\/7dc671db686352fad8ced8a5a725f96bf1670804154aef4a4b9181818cce225c?s=96&d=mm&r=g","url":"https:\/\/secure.gravatar.com\/avatar\/7dc671db686352fad8ced8a5a725f96bf1670804154aef4a4b9181818cce225c?s=96&d=mm&r=g","contentUrl":"https:\/\/secure.gravatar.com\/avatar\/7dc671db686352fad8ced8a5a725f96bf1670804154aef4a4b9181818cce225c?s=96&d=mm&r=g","caption":"Marc Szeglat"},"description":"Marc Szeglat ist Vorstandsmitglied der Vulkanologischen Gesellschaft e.V. und bestieg 1990 seinen ersten aktiven Vulkan. Seitdem dokumentiert er hauptberuflich Vulkanausbr\u00fcche. Marc ist Autor der Seite vulkane.net.","sameAs":["http:\/\/www.vulkane.net\/"],"url":"https:\/\/www.vulkanologische-gesellschaft.de\/blog\/author\/marcszeglat\/"}]}},"_links":{"self":[{"href":"https:\/\/www.vulkanologische-gesellschaft.de\/blog\/wp-json\/wp\/v2\/posts\/840","targetHints":{"allow":["GET"]}}],"collection":[{"href":"https:\/\/www.vulkanologische-gesellschaft.de\/blog\/wp-json\/wp\/v2\/posts"}],"about":[{"href":"https:\/\/www.vulkanologische-gesellschaft.de\/blog\/wp-json\/wp\/v2\/types\/post"}],"author":[{"embeddable":true,"href":"https:\/\/www.vulkanologische-gesellschaft.de\/blog\/wp-json\/wp\/v2\/users\/1"}],"replies":[{"embeddable":true,"href":"https:\/\/www.vulkanologische-gesellschaft.de\/blog\/wp-json\/wp\/v2\/comments?post=840"}],"version-history":[{"count":4,"href":"https:\/\/www.vulkanologische-gesellschaft.de\/blog\/wp-json\/wp\/v2\/posts\/840\/revisions"}],"predecessor-version":[{"id":883,"href":"https:\/\/www.vulkanologische-gesellschaft.de\/blog\/wp-json\/wp\/v2\/posts\/840\/revisions\/883"}],"wp:featuredmedia":[{"embeddable":true,"href":"https:\/\/www.vulkanologische-gesellschaft.de\/blog\/wp-json\/wp\/v2\/media\/425"}],"wp:attachment":[{"href":"https:\/\/www.vulkanologische-gesellschaft.de\/blog\/wp-json\/wp\/v2\/media?parent=840"}],"wp:term":[{"taxonomy":"category","embeddable":true,"href":"https:\/\/www.vulkanologische-gesellschaft.de\/blog\/wp-json\/wp\/v2\/categories?post=840"},{"taxonomy":"post_tag","embeddable":true,"href":"https:\/\/www.vulkanologische-gesellschaft.de\/blog\/wp-json\/wp\/v2\/tags?post=840"}],"curies":[{"name":"wp","href":"https:\/\/api.w.org\/{rel}","templated":true}]}}