{"id":75,"date":"2015-05-18T06:29:34","date_gmt":"2015-05-18T04:29:34","guid":{"rendered":"http:\/\/blog.vulkanologische-gesellschaft.de\/?p=75"},"modified":"2015-05-19T15:33:21","modified_gmt":"2015-05-19T13:33:21","slug":"foto-lavasee-erta-ale","status":"publish","type":"post","link":"https:\/\/www.vulkanologische-gesellschaft.de\/blog\/2015\/05\/18\/foto-lavasee-erta-ale\/","title":{"rendered":"Foto: Lavasee Erta Al\u00e9"},"content":{"rendered":"<p><a href=\"https:\/\/vulkanologische-gesellschaft.de\/blog\/wp-content\/uploads\/2015\/05\/Lavasee-MarcSzeglat.jpg\"><img loading=\"lazy\" decoding=\"async\" class=\"alignnone size-full wp-image-68\" src=\"https:\/\/vulkanologische-gesellschaft.de\/blog\/wp-content\/uploads\/2015\/05\/Lavasee-MarcSzeglat.jpg\" alt=\"Vulkan Erta Al\u00e9 in der \u00e4thiopischen W\u00fcste Danakil. \u00a9 Marc Szeglat\" width=\"3888\" height=\"2592\" srcset=\"https:\/\/www.vulkanologische-gesellschaft.de\/blog\/wp-content\/uploads\/2015\/05\/Lavasee-MarcSzeglat.jpg 3888w, https:\/\/www.vulkanologische-gesellschaft.de\/blog\/wp-content\/uploads\/2015\/05\/Lavasee-MarcSzeglat-300x200.jpg 300w, https:\/\/www.vulkanologische-gesellschaft.de\/blog\/wp-content\/uploads\/2015\/05\/Lavasee-MarcSzeglat-1024x683.jpg 1024w, https:\/\/www.vulkanologische-gesellschaft.de\/blog\/wp-content\/uploads\/2015\/05\/Lavasee-MarcSzeglat-800x533.jpg 800w\" sizes=\"auto, (max-width: 3888px) 100vw, 3888px\" \/><\/a><\/p>\n<p>Vulkan Erta Al\u00e9 in der \u00e4thiopischen W\u00fcste Danakil. In seinem Krater brodelt ein Lavasee. Gr\u00f6\u00dfe 3888&#215;2592 Pixel,\u00a0 &amp;copy; Marc Szeglat<\/p>\n","protected":false},"excerpt":{"rendered":"<p>Vulkan Erta Al\u00e9 in der \u00e4thiopischen W\u00fcste Danakil. In seinem Krater brodelt ein Lavasee. Gr\u00f6\u00dfe 3888&#215;2592 Pixel,\u00a0 &amp;copy; Marc Szeglat<\/p>\n","protected":false},"author":1,"featured_media":0,"comment_status":"open","ping_status":"closed","sticky":false,"template":"","format":"standard","meta":{"footnotes":""},"categories":[12],"tags":[27,28,25,22,26],"class_list":["post-75","post","type-post","status-publish","format-standard","hentry","category-schule","tag-aethiopien","tag-danakil","tag-erta-ale","tag-lava","tag-lavasee"],"yoast_head":"<!-- This site is optimized with the Yoast SEO plugin v27.2 - https:\/\/yoast.com\/product\/yoast-seo-wordpress\/ -->\n<title>Foto: Lavasee Erta Al\u00e9 - Vulkanologische Gesellschaft<\/title>\n<meta name=\"robots\" content=\"index, follow, max-snippet:-1, max-image-preview:large, max-video-preview:-1\" \/>\n<link rel=\"canonical\" href=\"https:\/\/www.vulkanologische-gesellschaft.de\/blog\/2015\/05\/18\/foto-lavasee-erta-ale\/\" \/>\n<meta property=\"og:locale\" content=\"de_DE\" \/>\n<meta property=\"og:type\" content=\"article\" \/>\n<meta property=\"og:title\" content=\"Foto: Lavasee Erta Al\u00e9 - Vulkanologische Gesellschaft\" \/>\n<meta property=\"og:description\" content=\"Vulkan Erta Al\u00e9 in der \u00e4thiopischen W\u00fcste Danakil. In seinem Krater brodelt ein Lavasee. Gr\u00f6\u00dfe 3888&#215;2592 Pixel,\u00a0 &amp;copy; Marc Szeglat\" \/>\n<meta property=\"og:url\" content=\"https:\/\/www.vulkanologische-gesellschaft.de\/blog\/2015\/05\/18\/foto-lavasee-erta-ale\/\" \/>\n<meta property=\"og:site_name\" content=\"Vulkanologische Gesellschaft\" \/>\n<meta property=\"article:publisher\" content=\"https:\/\/www.facebook.com\/profile.php?id=100076365217120\" \/>\n<meta property=\"article:published_time\" content=\"2015-05-18T04:29:34+00:00\" \/>\n<meta property=\"article:modified_time\" content=\"2015-05-19T13:33:21+00:00\" \/>\n<meta property=\"og:image\" content=\"https:\/\/www.vulkanologische-gesellschaft.de\/blog\/wp-content\/uploads\/2015\/05\/Lavasee-MarcSzeglat.jpg\" \/>\n\t<meta property=\"og:image:width\" content=\"3888\" \/>\n\t<meta property=\"og:image:height\" content=\"2592\" \/>\n\t<meta property=\"og:image:type\" content=\"image\/jpeg\" \/>\n<meta name=\"author\" content=\"Marc Szeglat\" \/>\n<meta name=\"twitter:card\" content=\"summary_large_image\" \/>\n<meta name=\"twitter:label1\" content=\"Verfasst von\" \/>\n\t<meta name=\"twitter:data1\" content=\"Marc Szeglat\" \/>\n<script type=\"application\/ld+json\" class=\"yoast-schema-graph\">{\"@context\":\"https:\/\/schema.org\",\"@graph\":[{\"@type\":\"Article\",\"@id\":\"https:\/\/www.vulkanologische-gesellschaft.de\/blog\/2015\/05\/18\/foto-lavasee-erta-ale\/#article\",\"isPartOf\":{\"@id\":\"https:\/\/www.vulkanologische-gesellschaft.de\/blog\/2015\/05\/18\/foto-lavasee-erta-ale\/\"},\"author\":{\"name\":\"Marc Szeglat\",\"@id\":\"https:\/\/www.vulkanologische-gesellschaft.de\/blog\/#\/schema\/person\/f023125bd99560872650a08cf7b93ebb\"},\"headline\":\"Foto: Lavasee Erta Al\u00e9\",\"datePublished\":\"2015-05-18T04:29:34+00:00\",\"dateModified\":\"2015-05-19T13:33:21+00:00\",\"mainEntityOfPage\":{\"@id\":\"https:\/\/www.vulkanologische-gesellschaft.de\/blog\/2015\/05\/18\/foto-lavasee-erta-ale\/\"},\"wordCount\":27,\"commentCount\":0,\"publisher\":{\"@id\":\"https:\/\/www.vulkanologische-gesellschaft.de\/blog\/#organization\"},\"image\":{\"@id\":\"https:\/\/www.vulkanologische-gesellschaft.de\/blog\/2015\/05\/18\/foto-lavasee-erta-ale\/#primaryimage\"},\"thumbnailUrl\":\"https:\/\/vulkanologische-gesellschaft.de\/blog\/wp-content\/uploads\/2015\/05\/Lavasee-MarcSzeglat.jpg\",\"keywords\":[\"\u00c4thiopien\",\"Danakil\",\"Erta Al\u00e9\",\"Lava\",\"Lavasee\"],\"articleSection\":[\"Schule\"],\"inLanguage\":\"de\",\"potentialAction\":[{\"@type\":\"CommentAction\",\"name\":\"Comment\",\"target\":[\"https:\/\/www.vulkanologische-gesellschaft.de\/blog\/2015\/05\/18\/foto-lavasee-erta-ale\/#respond\"]}]},{\"@type\":\"WebPage\",\"@id\":\"https:\/\/www.vulkanologische-gesellschaft.de\/blog\/2015\/05\/18\/foto-lavasee-erta-ale\/\",\"url\":\"https:\/\/www.vulkanologische-gesellschaft.de\/blog\/2015\/05\/18\/foto-lavasee-erta-ale\/\",\"name\":\"Foto: Lavasee Erta Al\u00e9 - Vulkanologische Gesellschaft\",\"isPartOf\":{\"@id\":\"https:\/\/www.vulkanologische-gesellschaft.de\/blog\/#website\"},\"primaryImageOfPage\":{\"@id\":\"https:\/\/www.vulkanologische-gesellschaft.de\/blog\/2015\/05\/18\/foto-lavasee-erta-ale\/#primaryimage\"},\"image\":{\"@id\":\"https:\/\/www.vulkanologische-gesellschaft.de\/blog\/2015\/05\/18\/foto-lavasee-erta-ale\/#primaryimage\"},\"thumbnailUrl\":\"https:\/\/vulkanologische-gesellschaft.de\/blog\/wp-content\/uploads\/2015\/05\/Lavasee-MarcSzeglat.jpg\",\"datePublished\":\"2015-05-18T04:29:34+00:00\",\"dateModified\":\"2015-05-19T13:33:21+00:00\",\"breadcrumb\":{\"@id\":\"https:\/\/www.vulkanologische-gesellschaft.de\/blog\/2015\/05\/18\/foto-lavasee-erta-ale\/#breadcrumb\"},\"inLanguage\":\"de\",\"potentialAction\":[{\"@type\":\"ReadAction\",\"target\":[\"https:\/\/www.vulkanologische-gesellschaft.de\/blog\/2015\/05\/18\/foto-lavasee-erta-ale\/\"]}]},{\"@type\":\"ImageObject\",\"inLanguage\":\"de\",\"@id\":\"https:\/\/www.vulkanologische-gesellschaft.de\/blog\/2015\/05\/18\/foto-lavasee-erta-ale\/#primaryimage\",\"url\":\"https:\/\/vulkanologische-gesellschaft.de\/blog\/wp-content\/uploads\/2015\/05\/Lavasee-MarcSzeglat.jpg\",\"contentUrl\":\"https:\/\/vulkanologische-gesellschaft.de\/blog\/wp-content\/uploads\/2015\/05\/Lavasee-MarcSzeglat.jpg\"},{\"@type\":\"BreadcrumbList\",\"@id\":\"https:\/\/www.vulkanologische-gesellschaft.de\/blog\/2015\/05\/18\/foto-lavasee-erta-ale\/#breadcrumb\",\"itemListElement\":[{\"@type\":\"ListItem\",\"position\":1,\"name\":\"Startseite\",\"item\":\"https:\/\/www.vulkanologische-gesellschaft.de\/blog\/\"},{\"@type\":\"ListItem\",\"position\":2,\"name\":\"Foto: Lavasee Erta Al\u00e9\"}]},{\"@type\":\"WebSite\",\"@id\":\"https:\/\/www.vulkanologische-gesellschaft.de\/blog\/#website\",\"url\":\"https:\/\/www.vulkanologische-gesellschaft.de\/blog\/\",\"name\":\"Vulkanologische Gesellschaft\",\"description\":\"Gesellschaft f\u00fcr internationale Vulkanerkundung\",\"publisher\":{\"@id\":\"https:\/\/www.vulkanologische-gesellschaft.de\/blog\/#organization\"},\"potentialAction\":[{\"@type\":\"SearchAction\",\"target\":{\"@type\":\"EntryPoint\",\"urlTemplate\":\"https:\/\/www.vulkanologische-gesellschaft.de\/blog\/?s={search_term_string}\"},\"query-input\":{\"@type\":\"PropertyValueSpecification\",\"valueRequired\":true,\"valueName\":\"search_term_string\"}}],\"inLanguage\":\"de\"},{\"@type\":\"Organization\",\"@id\":\"https:\/\/www.vulkanologische-gesellschaft.de\/blog\/#organization\",\"name\":\"Vulkanologische Gesellschaft e.V\",\"url\":\"https:\/\/www.vulkanologische-gesellschaft.de\/blog\/\",\"logo\":{\"@type\":\"ImageObject\",\"inLanguage\":\"de\",\"@id\":\"https:\/\/www.vulkanologische-gesellschaft.de\/blog\/#\/schema\/logo\/image\/\",\"url\":\"https:\/\/www.vulkanologische-gesellschaft.de\/blog\/wp-content\/uploads\/2015\/07\/logo-klein.jpg\",\"contentUrl\":\"https:\/\/www.vulkanologische-gesellschaft.de\/blog\/wp-content\/uploads\/2015\/07\/logo-klein.jpg\",\"width\":140,\"height\":139,\"caption\":\"Vulkanologische Gesellschaft e.V\"},\"image\":{\"@id\":\"https:\/\/www.vulkanologische-gesellschaft.de\/blog\/#\/schema\/logo\/image\/\"},\"sameAs\":[\"https:\/\/www.facebook.com\/profile.php?id=100076365217120\"]},{\"@type\":\"Person\",\"@id\":\"https:\/\/www.vulkanologische-gesellschaft.de\/blog\/#\/schema\/person\/f023125bd99560872650a08cf7b93ebb\",\"name\":\"Marc Szeglat\",\"image\":{\"@type\":\"ImageObject\",\"inLanguage\":\"de\",\"@id\":\"https:\/\/secure.gravatar.com\/avatar\/7dc671db686352fad8ced8a5a725f96bf1670804154aef4a4b9181818cce225c?s=96&d=mm&r=g\",\"url\":\"https:\/\/secure.gravatar.com\/avatar\/7dc671db686352fad8ced8a5a725f96bf1670804154aef4a4b9181818cce225c?s=96&d=mm&r=g\",\"contentUrl\":\"https:\/\/secure.gravatar.com\/avatar\/7dc671db686352fad8ced8a5a725f96bf1670804154aef4a4b9181818cce225c?s=96&d=mm&r=g\",\"caption\":\"Marc Szeglat\"},\"description\":\"Marc Szeglat ist Vorstandsmitglied der Vulkanologischen Gesellschaft e.V. und bestieg 1990 seinen ersten aktiven Vulkan. Seitdem dokumentiert er hauptberuflich Vulkanausbr\u00fcche. Marc ist Autor der Seite vulkane.net.\",\"sameAs\":[\"http:\/\/www.vulkane.net\/\"],\"url\":\"https:\/\/www.vulkanologische-gesellschaft.de\/blog\/author\/marcszeglat\/\"}]}<\/script>\n<!-- \/ Yoast SEO plugin. -->","yoast_head_json":{"title":"Foto: Lavasee Erta Al\u00e9 - Vulkanologische Gesellschaft","robots":{"index":"index","follow":"follow","max-snippet":"max-snippet:-1","max-image-preview":"max-image-preview:large","max-video-preview":"max-video-preview:-1"},"canonical":"https:\/\/www.vulkanologische-gesellschaft.de\/blog\/2015\/05\/18\/foto-lavasee-erta-ale\/","og_locale":"de_DE","og_type":"article","og_title":"Foto: Lavasee Erta Al\u00e9 - Vulkanologische Gesellschaft","og_description":"Vulkan Erta Al\u00e9 in der \u00e4thiopischen W\u00fcste Danakil. In seinem Krater brodelt ein Lavasee. Gr\u00f6\u00dfe 3888&#215;2592 Pixel,\u00a0 &amp;copy; Marc Szeglat","og_url":"https:\/\/www.vulkanologische-gesellschaft.de\/blog\/2015\/05\/18\/foto-lavasee-erta-ale\/","og_site_name":"Vulkanologische Gesellschaft","article_publisher":"https:\/\/www.facebook.com\/profile.php?id=100076365217120","article_published_time":"2015-05-18T04:29:34+00:00","article_modified_time":"2015-05-19T13:33:21+00:00","og_image":[{"width":3888,"height":2592,"url":"https:\/\/www.vulkanologische-gesellschaft.de\/blog\/wp-content\/uploads\/2015\/05\/Lavasee-MarcSzeglat.jpg","type":"image\/jpeg"}],"author":"Marc Szeglat","twitter_card":"summary_large_image","twitter_misc":{"Verfasst von":"Marc Szeglat"},"schema":{"@context":"https:\/\/schema.org","@graph":[{"@type":"Article","@id":"https:\/\/www.vulkanologische-gesellschaft.de\/blog\/2015\/05\/18\/foto-lavasee-erta-ale\/#article","isPartOf":{"@id":"https:\/\/www.vulkanologische-gesellschaft.de\/blog\/2015\/05\/18\/foto-lavasee-erta-ale\/"},"author":{"name":"Marc Szeglat","@id":"https:\/\/www.vulkanologische-gesellschaft.de\/blog\/#\/schema\/person\/f023125bd99560872650a08cf7b93ebb"},"headline":"Foto: Lavasee Erta Al\u00e9","datePublished":"2015-05-18T04:29:34+00:00","dateModified":"2015-05-19T13:33:21+00:00","mainEntityOfPage":{"@id":"https:\/\/www.vulkanologische-gesellschaft.de\/blog\/2015\/05\/18\/foto-lavasee-erta-ale\/"},"wordCount":27,"commentCount":0,"publisher":{"@id":"https:\/\/www.vulkanologische-gesellschaft.de\/blog\/#organization"},"image":{"@id":"https:\/\/www.vulkanologische-gesellschaft.de\/blog\/2015\/05\/18\/foto-lavasee-erta-ale\/#primaryimage"},"thumbnailUrl":"https:\/\/vulkanologische-gesellschaft.de\/blog\/wp-content\/uploads\/2015\/05\/Lavasee-MarcSzeglat.jpg","keywords":["\u00c4thiopien","Danakil","Erta Al\u00e9","Lava","Lavasee"],"articleSection":["Schule"],"inLanguage":"de","potentialAction":[{"@type":"CommentAction","name":"Comment","target":["https:\/\/www.vulkanologische-gesellschaft.de\/blog\/2015\/05\/18\/foto-lavasee-erta-ale\/#respond"]}]},{"@type":"WebPage","@id":"https:\/\/www.vulkanologische-gesellschaft.de\/blog\/2015\/05\/18\/foto-lavasee-erta-ale\/","url":"https:\/\/www.vulkanologische-gesellschaft.de\/blog\/2015\/05\/18\/foto-lavasee-erta-ale\/","name":"Foto: Lavasee Erta Al\u00e9 - Vulkanologische Gesellschaft","isPartOf":{"@id":"https:\/\/www.vulkanologische-gesellschaft.de\/blog\/#website"},"primaryImageOfPage":{"@id":"https:\/\/www.vulkanologische-gesellschaft.de\/blog\/2015\/05\/18\/foto-lavasee-erta-ale\/#primaryimage"},"image":{"@id":"https:\/\/www.vulkanologische-gesellschaft.de\/blog\/2015\/05\/18\/foto-lavasee-erta-ale\/#primaryimage"},"thumbnailUrl":"https:\/\/vulkanologische-gesellschaft.de\/blog\/wp-content\/uploads\/2015\/05\/Lavasee-MarcSzeglat.jpg","datePublished":"2015-05-18T04:29:34+00:00","dateModified":"2015-05-19T13:33:21+00:00","breadcrumb":{"@id":"https:\/\/www.vulkanologische-gesellschaft.de\/blog\/2015\/05\/18\/foto-lavasee-erta-ale\/#breadcrumb"},"inLanguage":"de","potentialAction":[{"@type":"ReadAction","target":["https:\/\/www.vulkanologische-gesellschaft.de\/blog\/2015\/05\/18\/foto-lavasee-erta-ale\/"]}]},{"@type":"ImageObject","inLanguage":"de","@id":"https:\/\/www.vulkanologische-gesellschaft.de\/blog\/2015\/05\/18\/foto-lavasee-erta-ale\/#primaryimage","url":"https:\/\/vulkanologische-gesellschaft.de\/blog\/wp-content\/uploads\/2015\/05\/Lavasee-MarcSzeglat.jpg","contentUrl":"https:\/\/vulkanologische-gesellschaft.de\/blog\/wp-content\/uploads\/2015\/05\/Lavasee-MarcSzeglat.jpg"},{"@type":"BreadcrumbList","@id":"https:\/\/www.vulkanologische-gesellschaft.de\/blog\/2015\/05\/18\/foto-lavasee-erta-ale\/#breadcrumb","itemListElement":[{"@type":"ListItem","position":1,"name":"Startseite","item":"https:\/\/www.vulkanologische-gesellschaft.de\/blog\/"},{"@type":"ListItem","position":2,"name":"Foto: Lavasee Erta Al\u00e9"}]},{"@type":"WebSite","@id":"https:\/\/www.vulkanologische-gesellschaft.de\/blog\/#website","url":"https:\/\/www.vulkanologische-gesellschaft.de\/blog\/","name":"Vulkanologische Gesellschaft","description":"Gesellschaft f\u00fcr internationale Vulkanerkundung","publisher":{"@id":"https:\/\/www.vulkanologische-gesellschaft.de\/blog\/#organization"},"potentialAction":[{"@type":"SearchAction","target":{"@type":"EntryPoint","urlTemplate":"https:\/\/www.vulkanologische-gesellschaft.de\/blog\/?s={search_term_string}"},"query-input":{"@type":"PropertyValueSpecification","valueRequired":true,"valueName":"search_term_string"}}],"inLanguage":"de"},{"@type":"Organization","@id":"https:\/\/www.vulkanologische-gesellschaft.de\/blog\/#organization","name":"Vulkanologische Gesellschaft e.V","url":"https:\/\/www.vulkanologische-gesellschaft.de\/blog\/","logo":{"@type":"ImageObject","inLanguage":"de","@id":"https:\/\/www.vulkanologische-gesellschaft.de\/blog\/#\/schema\/logo\/image\/","url":"https:\/\/www.vulkanologische-gesellschaft.de\/blog\/wp-content\/uploads\/2015\/07\/logo-klein.jpg","contentUrl":"https:\/\/www.vulkanologische-gesellschaft.de\/blog\/wp-content\/uploads\/2015\/07\/logo-klein.jpg","width":140,"height":139,"caption":"Vulkanologische Gesellschaft e.V"},"image":{"@id":"https:\/\/www.vulkanologische-gesellschaft.de\/blog\/#\/schema\/logo\/image\/"},"sameAs":["https:\/\/www.facebook.com\/profile.php?id=100076365217120"]},{"@type":"Person","@id":"https:\/\/www.vulkanologische-gesellschaft.de\/blog\/#\/schema\/person\/f023125bd99560872650a08cf7b93ebb","name":"Marc Szeglat","image":{"@type":"ImageObject","inLanguage":"de","@id":"https:\/\/secure.gravatar.com\/avatar\/7dc671db686352fad8ced8a5a725f96bf1670804154aef4a4b9181818cce225c?s=96&d=mm&r=g","url":"https:\/\/secure.gravatar.com\/avatar\/7dc671db686352fad8ced8a5a725f96bf1670804154aef4a4b9181818cce225c?s=96&d=mm&r=g","contentUrl":"https:\/\/secure.gravatar.com\/avatar\/7dc671db686352fad8ced8a5a725f96bf1670804154aef4a4b9181818cce225c?s=96&d=mm&r=g","caption":"Marc Szeglat"},"description":"Marc Szeglat ist Vorstandsmitglied der Vulkanologischen Gesellschaft e.V. und bestieg 1990 seinen ersten aktiven Vulkan. Seitdem dokumentiert er hauptberuflich Vulkanausbr\u00fcche. Marc ist Autor der Seite vulkane.net.","sameAs":["http:\/\/www.vulkane.net\/"],"url":"https:\/\/www.vulkanologische-gesellschaft.de\/blog\/author\/marcszeglat\/"}]}},"_links":{"self":[{"href":"https:\/\/www.vulkanologische-gesellschaft.de\/blog\/wp-json\/wp\/v2\/posts\/75","targetHints":{"allow":["GET"]}}],"collection":[{"href":"https:\/\/www.vulkanologische-gesellschaft.de\/blog\/wp-json\/wp\/v2\/posts"}],"about":[{"href":"https:\/\/www.vulkanologische-gesellschaft.de\/blog\/wp-json\/wp\/v2\/types\/post"}],"author":[{"embeddable":true,"href":"https:\/\/www.vulkanologische-gesellschaft.de\/blog\/wp-json\/wp\/v2\/users\/1"}],"replies":[{"embeddable":true,"href":"https:\/\/www.vulkanologische-gesellschaft.de\/blog\/wp-json\/wp\/v2\/comments?post=75"}],"version-history":[{"count":1,"href":"https:\/\/www.vulkanologische-gesellschaft.de\/blog\/wp-json\/wp\/v2\/posts\/75\/revisions"}],"predecessor-version":[{"id":76,"href":"https:\/\/www.vulkanologische-gesellschaft.de\/blog\/wp-json\/wp\/v2\/posts\/75\/revisions\/76"}],"wp:attachment":[{"href":"https:\/\/www.vulkanologische-gesellschaft.de\/blog\/wp-json\/wp\/v2\/media?parent=75"}],"wp:term":[{"taxonomy":"category","embeddable":true,"href":"https:\/\/www.vulkanologische-gesellschaft.de\/blog\/wp-json\/wp\/v2\/categories?post=75"},{"taxonomy":"post_tag","embeddable":true,"href":"https:\/\/www.vulkanologische-gesellschaft.de\/blog\/wp-json\/wp\/v2\/tags?post=75"}],"curies":[{"name":"wp","href":"https:\/\/api.w.org\/{rel}","templated":true}]}}