{"id":685,"date":"2020-05-10T20:38:43","date_gmt":"2020-05-10T18:38:43","guid":{"rendered":"http:\/\/blog.vulkanologische-gesellschaft.de\/?p=685"},"modified":"2020-11-24T12:03:13","modified_gmt":"2020-11-24T11:03:13","slug":"installation-livecam-fuego","status":"publish","type":"post","link":"https:\/\/www.vulkanologische-gesellschaft.de\/blog\/2020\/05\/10\/installation-livecam-fuego\/","title":{"rendered":"Installation LiveCam Fuego"},"content":{"rendered":"<p>Unser Vorstandsmitglied Marc Szeglat war im Januar 2020 am Vulkan Fuego in Guatemala unterwegs. Dort montierte er f\u00fcr den Verein eine <a href=\"http:\/\/www.vulkanologische-gesellschaft.de\/livecam-fuego.html\" target=\"_blank\" rel=\"noopener noreferrer\">LiveCam<\/a>. Die Kamera unterst\u00fctzt das Monitoring des Vulkans und soll bald auch als Webcam f\u00fcr jeden zug\u00e4nglich werden. Hier ein paar Bilder von der Montage und dem Vulkan.<\/p>\n\n\t\t<style type=\"text\/css\">\n\t\t\t#gallery-1 {\n\t\t\t\tmargin: auto;\n\t\t\t}\n\t\t\t#gallery-1 .gallery-item {\n\t\t\t\tfloat: left;\n\t\t\t\tmargin-top: 10px;\n\t\t\t\ttext-align: center;\n\t\t\t\twidth: 25%;\n\t\t\t}\n\t\t\t#gallery-1 img {\n\t\t\t\tborder: 2px solid #cfcfcf;\n\t\t\t}\n\t\t\t#gallery-1 .gallery-caption {\n\t\t\t\tmargin-left: 0;\n\t\t\t}\n\t\t\t\/* see gallery_shortcode() in wp-includes\/media.php *\/\n\t\t<\/style>\n\t\t<div id='gallery-1' class='gallery galleryid-685 gallery-columns-4 gallery-size-thumbnail'><dl class='gallery-item'>\n\t\t\t<dt class='gallery-icon landscape'>\n\t\t\t\t<a href='https:\/\/www.vulkanologische-gesellschaft.de\/blog\/wp-content\/uploads\/2020\/05\/fuego04.jpg'><img loading=\"lazy\" decoding=\"async\" width=\"150\" height=\"150\" src=\"https:\/\/www.vulkanologische-gesellschaft.de\/blog\/wp-content\/uploads\/2020\/05\/fuego04-150x150.jpg\" class=\"attachment-thumbnail size-thumbnail\" alt=\"\" srcset=\"https:\/\/www.vulkanologische-gesellschaft.de\/blog\/wp-content\/uploads\/2020\/05\/fuego04-150x150.jpg 150w, https:\/\/www.vulkanologische-gesellschaft.de\/blog\/wp-content\/uploads\/2020\/05\/fuego04-75x75.jpg 75w\" sizes=\"auto, (max-width: 150px) 100vw, 150px\" \/><\/a>\n\t\t\t<\/dt><\/dl><dl class='gallery-item'>\n\t\t\t<dt class='gallery-icon portrait'>\n\t\t\t\t<a href='https:\/\/www.vulkanologische-gesellschaft.de\/blog\/wp-content\/uploads\/2020\/05\/fuego09.jpg'><img loading=\"lazy\" decoding=\"async\" width=\"150\" height=\"150\" src=\"https:\/\/www.vulkanologische-gesellschaft.de\/blog\/wp-content\/uploads\/2020\/05\/fuego09-150x150.jpg\" class=\"attachment-thumbnail size-thumbnail\" alt=\"\" srcset=\"https:\/\/www.vulkanologische-gesellschaft.de\/blog\/wp-content\/uploads\/2020\/05\/fuego09-150x150.jpg 150w, https:\/\/www.vulkanologische-gesellschaft.de\/blog\/wp-content\/uploads\/2020\/05\/fuego09-75x75.jpg 75w\" sizes=\"auto, (max-width: 150px) 100vw, 150px\" \/><\/a>\n\t\t\t<\/dt><\/dl><dl class='gallery-item'>\n\t\t\t<dt class='gallery-icon landscape'>\n\t\t\t\t<a href='https:\/\/www.vulkanologische-gesellschaft.de\/blog\/wp-content\/uploads\/2020\/05\/fuego11.jpg'><img loading=\"lazy\" decoding=\"async\" width=\"150\" height=\"150\" src=\"https:\/\/www.vulkanologische-gesellschaft.de\/blog\/wp-content\/uploads\/2020\/05\/fuego11-150x150.jpg\" class=\"attachment-thumbnail size-thumbnail\" alt=\"\" srcset=\"https:\/\/www.vulkanologische-gesellschaft.de\/blog\/wp-content\/uploads\/2020\/05\/fuego11-150x150.jpg 150w, https:\/\/www.vulkanologische-gesellschaft.de\/blog\/wp-content\/uploads\/2020\/05\/fuego11-75x75.jpg 75w\" sizes=\"auto, (max-width: 150px) 100vw, 150px\" \/><\/a>\n\t\t\t<\/dt><\/dl><dl class='gallery-item'>\n\t\t\t<dt class='gallery-icon landscape'>\n\t\t\t\t<a href='https:\/\/www.vulkanologische-gesellschaft.de\/blog\/wp-content\/uploads\/2020\/05\/fuego10.jpg'><img loading=\"lazy\" decoding=\"async\" width=\"150\" height=\"150\" src=\"https:\/\/www.vulkanologische-gesellschaft.de\/blog\/wp-content\/uploads\/2020\/05\/fuego10-150x150.jpg\" class=\"attachment-thumbnail size-thumbnail\" alt=\"\" srcset=\"https:\/\/www.vulkanologische-gesellschaft.de\/blog\/wp-content\/uploads\/2020\/05\/fuego10-150x150.jpg 150w, https:\/\/www.vulkanologische-gesellschaft.de\/blog\/wp-content\/uploads\/2020\/05\/fuego10-75x75.jpg 75w\" sizes=\"auto, (max-width: 150px) 100vw, 150px\" \/><\/a>\n\t\t\t<\/dt><\/dl><br style=\"clear: both\" \/><dl class='gallery-item'>\n\t\t\t<dt class='gallery-icon landscape'>\n\t\t\t\t<a href='https:\/\/www.vulkanologische-gesellschaft.de\/blog\/wp-content\/uploads\/2020\/05\/fuego12.jpg'><img loading=\"lazy\" decoding=\"async\" width=\"150\" height=\"150\" src=\"https:\/\/www.vulkanologische-gesellschaft.de\/blog\/wp-content\/uploads\/2020\/05\/fuego12-150x150.jpg\" class=\"attachment-thumbnail size-thumbnail\" alt=\"\" srcset=\"https:\/\/www.vulkanologische-gesellschaft.de\/blog\/wp-content\/uploads\/2020\/05\/fuego12-150x150.jpg 150w, https:\/\/www.vulkanologische-gesellschaft.de\/blog\/wp-content\/uploads\/2020\/05\/fuego12-75x75.jpg 75w\" sizes=\"auto, (max-width: 150px) 100vw, 150px\" \/><\/a>\n\t\t\t<\/dt><\/dl><dl class='gallery-item'>\n\t\t\t<dt class='gallery-icon landscape'>\n\t\t\t\t<a href='https:\/\/www.vulkanologische-gesellschaft.de\/blog\/wp-content\/uploads\/2020\/05\/fuego06.jpg'><img loading=\"lazy\" decoding=\"async\" width=\"150\" height=\"150\" src=\"https:\/\/www.vulkanologische-gesellschaft.de\/blog\/wp-content\/uploads\/2020\/05\/fuego06-150x150.jpg\" class=\"attachment-thumbnail size-thumbnail\" alt=\"\" srcset=\"https:\/\/www.vulkanologische-gesellschaft.de\/blog\/wp-content\/uploads\/2020\/05\/fuego06-150x150.jpg 150w, https:\/\/www.vulkanologische-gesellschaft.de\/blog\/wp-content\/uploads\/2020\/05\/fuego06-75x75.jpg 75w\" sizes=\"auto, (max-width: 150px) 100vw, 150px\" \/><\/a>\n\t\t\t<\/dt><\/dl><dl class='gallery-item'>\n\t\t\t<dt class='gallery-icon landscape'>\n\t\t\t\t<a href='https:\/\/www.vulkanologische-gesellschaft.de\/blog\/wp-content\/uploads\/2020\/05\/fuego07.jpg'><img loading=\"lazy\" decoding=\"async\" width=\"150\" height=\"150\" src=\"https:\/\/www.vulkanologische-gesellschaft.de\/blog\/wp-content\/uploads\/2020\/05\/fuego07-150x150.jpg\" class=\"attachment-thumbnail size-thumbnail\" alt=\"\" srcset=\"https:\/\/www.vulkanologische-gesellschaft.de\/blog\/wp-content\/uploads\/2020\/05\/fuego07-150x150.jpg 150w, https:\/\/www.vulkanologische-gesellschaft.de\/blog\/wp-content\/uploads\/2020\/05\/fuego07-75x75.jpg 75w\" sizes=\"auto, (max-width: 150px) 100vw, 150px\" \/><\/a>\n\t\t\t<\/dt><\/dl><dl class='gallery-item'>\n\t\t\t<dt class='gallery-icon landscape'>\n\t\t\t\t<a href='https:\/\/www.vulkanologische-gesellschaft.de\/blog\/wp-content\/uploads\/2020\/05\/fuego08.jpg'><img loading=\"lazy\" decoding=\"async\" width=\"150\" height=\"150\" src=\"https:\/\/www.vulkanologische-gesellschaft.de\/blog\/wp-content\/uploads\/2020\/05\/fuego08-150x150.jpg\" class=\"attachment-thumbnail size-thumbnail\" alt=\"\" srcset=\"https:\/\/www.vulkanologische-gesellschaft.de\/blog\/wp-content\/uploads\/2020\/05\/fuego08-150x150.jpg 150w, https:\/\/www.vulkanologische-gesellschaft.de\/blog\/wp-content\/uploads\/2020\/05\/fuego08-75x75.jpg 75w\" sizes=\"auto, (max-width: 150px) 100vw, 150px\" \/><\/a>\n\t\t\t<\/dt><\/dl><br style=\"clear: both\" \/><dl class='gallery-item'>\n\t\t\t<dt class='gallery-icon landscape'>\n\t\t\t\t<a href='https:\/\/www.vulkanologische-gesellschaft.de\/blog\/wp-content\/uploads\/2020\/05\/fuego13.jpg'><img loading=\"lazy\" decoding=\"async\" width=\"150\" height=\"150\" src=\"https:\/\/www.vulkanologische-gesellschaft.de\/blog\/wp-content\/uploads\/2020\/05\/fuego13-150x150.jpg\" class=\"attachment-thumbnail size-thumbnail\" alt=\"\" srcset=\"https:\/\/www.vulkanologische-gesellschaft.de\/blog\/wp-content\/uploads\/2020\/05\/fuego13-150x150.jpg 150w, https:\/\/www.vulkanologische-gesellschaft.de\/blog\/wp-content\/uploads\/2020\/05\/fuego13-75x75.jpg 75w\" sizes=\"auto, (max-width: 150px) 100vw, 150px\" \/><\/a>\n\t\t\t<\/dt><\/dl><dl class='gallery-item'>\n\t\t\t<dt class='gallery-icon portrait'>\n\t\t\t\t<a href='https:\/\/www.vulkanologische-gesellschaft.de\/blog\/wp-content\/uploads\/2020\/05\/fuego14-rotated.jpg'><img loading=\"lazy\" decoding=\"async\" width=\"150\" height=\"150\" src=\"https:\/\/www.vulkanologische-gesellschaft.de\/blog\/wp-content\/uploads\/2020\/05\/fuego14-150x150.jpg\" class=\"attachment-thumbnail size-thumbnail\" alt=\"\" srcset=\"https:\/\/www.vulkanologische-gesellschaft.de\/blog\/wp-content\/uploads\/2020\/05\/fuego14-150x150.jpg 150w, https:\/\/www.vulkanologische-gesellschaft.de\/blog\/wp-content\/uploads\/2020\/05\/fuego14-75x75.jpg 75w\" sizes=\"auto, (max-width: 150px) 100vw, 150px\" \/><\/a>\n\t\t\t<\/dt><\/dl><dl class='gallery-item'>\n\t\t\t<dt class='gallery-icon landscape'>\n\t\t\t\t<a href='https:\/\/www.vulkanologische-gesellschaft.de\/blog\/wp-content\/uploads\/2020\/05\/fuego-pano.jpg'><img loading=\"lazy\" decoding=\"async\" width=\"150\" height=\"150\" src=\"https:\/\/www.vulkanologische-gesellschaft.de\/blog\/wp-content\/uploads\/2020\/05\/fuego-pano-150x150.jpg\" class=\"attachment-thumbnail size-thumbnail\" alt=\"\" srcset=\"https:\/\/www.vulkanologische-gesellschaft.de\/blog\/wp-content\/uploads\/2020\/05\/fuego-pano-150x150.jpg 150w, https:\/\/www.vulkanologische-gesellschaft.de\/blog\/wp-content\/uploads\/2020\/05\/fuego-pano-75x75.jpg 75w\" sizes=\"auto, (max-width: 150px) 100vw, 150px\" \/><\/a>\n\t\t\t<\/dt><\/dl><dl class='gallery-item'>\n\t\t\t<dt class='gallery-icon landscape'>\n\t\t\t\t<a href='https:\/\/www.vulkanologische-gesellschaft.de\/blog\/wp-content\/uploads\/2020\/05\/fuego15.jpg'><img loading=\"lazy\" decoding=\"async\" width=\"150\" height=\"150\" src=\"https:\/\/www.vulkanologische-gesellschaft.de\/blog\/wp-content\/uploads\/2020\/05\/fuego15-150x150.jpg\" class=\"attachment-thumbnail size-thumbnail\" alt=\"\" srcset=\"https:\/\/www.vulkanologische-gesellschaft.de\/blog\/wp-content\/uploads\/2020\/05\/fuego15-150x150.jpg 150w, https:\/\/www.vulkanologische-gesellschaft.de\/blog\/wp-content\/uploads\/2020\/05\/fuego15-75x75.jpg 75w\" sizes=\"auto, (max-width: 150px) 100vw, 150px\" \/><\/a>\n\t\t\t<\/dt><\/dl><br style=\"clear: both\" \/><dl class='gallery-item'>\n\t\t\t<dt class='gallery-icon landscape'>\n\t\t\t\t<a href='https:\/\/www.vulkanologische-gesellschaft.de\/blog\/wp-content\/uploads\/2020\/05\/fuego16.jpg'><img loading=\"lazy\" decoding=\"async\" width=\"150\" height=\"150\" src=\"https:\/\/www.vulkanologische-gesellschaft.de\/blog\/wp-content\/uploads\/2020\/05\/fuego16-150x150.jpg\" class=\"attachment-thumbnail size-thumbnail\" alt=\"\" srcset=\"https:\/\/www.vulkanologische-gesellschaft.de\/blog\/wp-content\/uploads\/2020\/05\/fuego16-150x150.jpg 150w, https:\/\/www.vulkanologische-gesellschaft.de\/blog\/wp-content\/uploads\/2020\/05\/fuego16-75x75.jpg 75w\" sizes=\"auto, (max-width: 150px) 100vw, 150px\" \/><\/a>\n\t\t\t<\/dt><\/dl><dl class='gallery-item'>\n\t\t\t<dt class='gallery-icon landscape'>\n\t\t\t\t<a href='https:\/\/www.vulkanologische-gesellschaft.de\/blog\/wp-content\/uploads\/2020\/05\/fuego01.jpg'><img loading=\"lazy\" decoding=\"async\" width=\"150\" height=\"150\" src=\"https:\/\/www.vulkanologische-gesellschaft.de\/blog\/wp-content\/uploads\/2020\/05\/fuego01-150x150.jpg\" class=\"attachment-thumbnail size-thumbnail\" alt=\"\" srcset=\"https:\/\/www.vulkanologische-gesellschaft.de\/blog\/wp-content\/uploads\/2020\/05\/fuego01-150x150.jpg 150w, https:\/\/www.vulkanologische-gesellschaft.de\/blog\/wp-content\/uploads\/2020\/05\/fuego01-75x75.jpg 75w\" sizes=\"auto, (max-width: 150px) 100vw, 150px\" \/><\/a>\n\t\t\t<\/dt><\/dl><dl class='gallery-item'>\n\t\t\t<dt class='gallery-icon landscape'>\n\t\t\t\t<a href='https:\/\/www.vulkanologische-gesellschaft.de\/blog\/wp-content\/uploads\/2020\/05\/fuego03.jpg'><img loading=\"lazy\" decoding=\"async\" width=\"150\" height=\"150\" src=\"https:\/\/www.vulkanologische-gesellschaft.de\/blog\/wp-content\/uploads\/2020\/05\/fuego03-150x150.jpg\" class=\"attachment-thumbnail size-thumbnail\" alt=\"\" srcset=\"https:\/\/www.vulkanologische-gesellschaft.de\/blog\/wp-content\/uploads\/2020\/05\/fuego03-150x150.jpg 150w, https:\/\/www.vulkanologische-gesellschaft.de\/blog\/wp-content\/uploads\/2020\/05\/fuego03-75x75.jpg 75w\" sizes=\"auto, (max-width: 150px) 100vw, 150px\" \/><\/a>\n\t\t\t<\/dt><\/dl>\n\t\t\t<br style='clear: both' \/>\n\t\t<\/div>\n\n<h3>Vulkan Pacaya<\/h3>\n<p>Marc Szeglat bereiste auch den Vulkan <a href=\"http:\/\/www.vulkane.net\/en\/volcanoes\/pacaya\/pacaya.html\">Pacaya<\/a>, der in Sichtweite des Fuegos liegt. Der Pacaya eruptierte strombolianisch. Im Laufe der letzten Jahre wuchs der Hornito im MCKenney-Krater stark an.<\/p>\n\n\t\t<style type=\"text\/css\">\n\t\t\t#gallery-2 {\n\t\t\t\tmargin: auto;\n\t\t\t}\n\t\t\t#gallery-2 .gallery-item {\n\t\t\t\tfloat: left;\n\t\t\t\tmargin-top: 10px;\n\t\t\t\ttext-align: center;\n\t\t\t\twidth: 25%;\n\t\t\t}\n\t\t\t#gallery-2 img {\n\t\t\t\tborder: 2px solid #cfcfcf;\n\t\t\t}\n\t\t\t#gallery-2 .gallery-caption {\n\t\t\t\tmargin-left: 0;\n\t\t\t}\n\t\t\t\/* see gallery_shortcode() in wp-includes\/media.php *\/\n\t\t<\/style>\n\t\t<div id='gallery-2' class='gallery galleryid-685 gallery-columns-4 gallery-size-thumbnail'><dl class='gallery-item'>\n\t\t\t<dt class='gallery-icon landscape'>\n\t\t\t\t<a href='https:\/\/www.vulkanologische-gesellschaft.de\/blog\/wp-content\/uploads\/2020\/05\/pacaya08.jpg'><img loading=\"lazy\" decoding=\"async\" width=\"150\" height=\"150\" src=\"https:\/\/www.vulkanologische-gesellschaft.de\/blog\/wp-content\/uploads\/2020\/05\/pacaya08-150x150.jpg\" class=\"attachment-thumbnail size-thumbnail\" alt=\"\" srcset=\"https:\/\/www.vulkanologische-gesellschaft.de\/blog\/wp-content\/uploads\/2020\/05\/pacaya08-150x150.jpg 150w, https:\/\/www.vulkanologische-gesellschaft.de\/blog\/wp-content\/uploads\/2020\/05\/pacaya08-75x75.jpg 75w\" sizes=\"auto, (max-width: 150px) 100vw, 150px\" \/><\/a>\n\t\t\t<\/dt><\/dl><dl class='gallery-item'>\n\t\t\t<dt class='gallery-icon landscape'>\n\t\t\t\t<a href='https:\/\/www.vulkanologische-gesellschaft.de\/blog\/wp-content\/uploads\/2020\/05\/pacaya09.jpg'><img loading=\"lazy\" decoding=\"async\" width=\"150\" height=\"150\" src=\"https:\/\/www.vulkanologische-gesellschaft.de\/blog\/wp-content\/uploads\/2020\/05\/pacaya09-150x150.jpg\" class=\"attachment-thumbnail size-thumbnail\" alt=\"\" srcset=\"https:\/\/www.vulkanologische-gesellschaft.de\/blog\/wp-content\/uploads\/2020\/05\/pacaya09-150x150.jpg 150w, https:\/\/www.vulkanologische-gesellschaft.de\/blog\/wp-content\/uploads\/2020\/05\/pacaya09-75x75.jpg 75w\" sizes=\"auto, (max-width: 150px) 100vw, 150px\" \/><\/a>\n\t\t\t<\/dt><\/dl><dl class='gallery-item'>\n\t\t\t<dt class='gallery-icon landscape'>\n\t\t\t\t<a href='https:\/\/www.vulkanologische-gesellschaft.de\/blog\/wp-content\/uploads\/2020\/05\/pacaya07.jpg'><img loading=\"lazy\" decoding=\"async\" width=\"150\" height=\"150\" src=\"https:\/\/www.vulkanologische-gesellschaft.de\/blog\/wp-content\/uploads\/2020\/05\/pacaya07-150x150.jpg\" class=\"attachment-thumbnail size-thumbnail\" alt=\"\" srcset=\"https:\/\/www.vulkanologische-gesellschaft.de\/blog\/wp-content\/uploads\/2020\/05\/pacaya07-150x150.jpg 150w, https:\/\/www.vulkanologische-gesellschaft.de\/blog\/wp-content\/uploads\/2020\/05\/pacaya07-75x75.jpg 75w\" sizes=\"auto, (max-width: 150px) 100vw, 150px\" \/><\/a>\n\t\t\t<\/dt><\/dl><dl class='gallery-item'>\n\t\t\t<dt class='gallery-icon landscape'>\n\t\t\t\t<a href='https:\/\/www.vulkanologische-gesellschaft.de\/blog\/wp-content\/uploads\/2020\/05\/pacaya06.jpg'><img loading=\"lazy\" decoding=\"async\" width=\"150\" height=\"150\" src=\"https:\/\/www.vulkanologische-gesellschaft.de\/blog\/wp-content\/uploads\/2020\/05\/pacaya06-150x150.jpg\" class=\"attachment-thumbnail size-thumbnail\" alt=\"\" srcset=\"https:\/\/www.vulkanologische-gesellschaft.de\/blog\/wp-content\/uploads\/2020\/05\/pacaya06-150x150.jpg 150w, https:\/\/www.vulkanologische-gesellschaft.de\/blog\/wp-content\/uploads\/2020\/05\/pacaya06-75x75.jpg 75w\" sizes=\"auto, (max-width: 150px) 100vw, 150px\" \/><\/a>\n\t\t\t<\/dt><\/dl><br style=\"clear: both\" \/><dl class='gallery-item'>\n\t\t\t<dt class='gallery-icon landscape'>\n\t\t\t\t<a href='https:\/\/www.vulkanologische-gesellschaft.de\/blog\/wp-content\/uploads\/2020\/05\/pacaya-drohne02.jpg'><img loading=\"lazy\" decoding=\"async\" width=\"150\" height=\"150\" src=\"https:\/\/www.vulkanologische-gesellschaft.de\/blog\/wp-content\/uploads\/2020\/05\/pacaya-drohne02-150x150.jpg\" class=\"attachment-thumbnail size-thumbnail\" alt=\"\" srcset=\"https:\/\/www.vulkanologische-gesellschaft.de\/blog\/wp-content\/uploads\/2020\/05\/pacaya-drohne02-150x150.jpg 150w, https:\/\/www.vulkanologische-gesellschaft.de\/blog\/wp-content\/uploads\/2020\/05\/pacaya-drohne02-75x75.jpg 75w\" sizes=\"auto, (max-width: 150px) 100vw, 150px\" \/><\/a>\n\t\t\t<\/dt><\/dl><dl class='gallery-item'>\n\t\t\t<dt class='gallery-icon landscape'>\n\t\t\t\t<a href='https:\/\/www.vulkanologische-gesellschaft.de\/blog\/wp-content\/uploads\/2020\/05\/pacaya01.jpg'><img loading=\"lazy\" decoding=\"async\" width=\"150\" height=\"150\" src=\"https:\/\/www.vulkanologische-gesellschaft.de\/blog\/wp-content\/uploads\/2020\/05\/pacaya01-150x150.jpg\" class=\"attachment-thumbnail size-thumbnail\" alt=\"\" srcset=\"https:\/\/www.vulkanologische-gesellschaft.de\/blog\/wp-content\/uploads\/2020\/05\/pacaya01-150x150.jpg 150w, https:\/\/www.vulkanologische-gesellschaft.de\/blog\/wp-content\/uploads\/2020\/05\/pacaya01-75x75.jpg 75w\" sizes=\"auto, (max-width: 150px) 100vw, 150px\" \/><\/a>\n\t\t\t<\/dt><\/dl><dl class='gallery-item'>\n\t\t\t<dt class='gallery-icon landscape'>\n\t\t\t\t<a href='https:\/\/www.vulkanologische-gesellschaft.de\/blog\/wp-content\/uploads\/2020\/05\/pacaya-drohne01.jpg'><img loading=\"lazy\" decoding=\"async\" width=\"150\" height=\"150\" src=\"https:\/\/www.vulkanologische-gesellschaft.de\/blog\/wp-content\/uploads\/2020\/05\/pacaya-drohne01-150x150.jpg\" class=\"attachment-thumbnail size-thumbnail\" alt=\"\" srcset=\"https:\/\/www.vulkanologische-gesellschaft.de\/blog\/wp-content\/uploads\/2020\/05\/pacaya-drohne01-150x150.jpg 150w, https:\/\/www.vulkanologische-gesellschaft.de\/blog\/wp-content\/uploads\/2020\/05\/pacaya-drohne01-75x75.jpg 75w\" sizes=\"auto, (max-width: 150px) 100vw, 150px\" \/><\/a>\n\t\t\t<\/dt><\/dl><dl class='gallery-item'>\n\t\t\t<dt class='gallery-icon landscape'>\n\t\t\t\t<a href='https:\/\/www.vulkanologische-gesellschaft.de\/blog\/wp-content\/uploads\/2020\/05\/pacaya05.jpg'><img loading=\"lazy\" decoding=\"async\" width=\"150\" height=\"150\" src=\"https:\/\/www.vulkanologische-gesellschaft.de\/blog\/wp-content\/uploads\/2020\/05\/pacaya05-150x150.jpg\" class=\"attachment-thumbnail size-thumbnail\" alt=\"\" srcset=\"https:\/\/www.vulkanologische-gesellschaft.de\/blog\/wp-content\/uploads\/2020\/05\/pacaya05-150x150.jpg 150w, https:\/\/www.vulkanologische-gesellschaft.de\/blog\/wp-content\/uploads\/2020\/05\/pacaya05-75x75.jpg 75w\" sizes=\"auto, (max-width: 150px) 100vw, 150px\" \/><\/a>\n\t\t\t<\/dt><\/dl><br style=\"clear: both\" \/><dl class='gallery-item'>\n\t\t\t<dt class='gallery-icon landscape'>\n\t\t\t\t<a href='https:\/\/www.vulkanologische-gesellschaft.de\/blog\/wp-content\/uploads\/2020\/05\/pacaya-drohne03.jpg'><img loading=\"lazy\" decoding=\"async\" width=\"150\" height=\"150\" src=\"https:\/\/www.vulkanologische-gesellschaft.de\/blog\/wp-content\/uploads\/2020\/05\/pacaya-drohne03-150x150.jpg\" class=\"attachment-thumbnail size-thumbnail\" alt=\"\" srcset=\"https:\/\/www.vulkanologische-gesellschaft.de\/blog\/wp-content\/uploads\/2020\/05\/pacaya-drohne03-150x150.jpg 150w, https:\/\/www.vulkanologische-gesellschaft.de\/blog\/wp-content\/uploads\/2020\/05\/pacaya-drohne03-75x75.jpg 75w\" sizes=\"auto, (max-width: 150px) 100vw, 150px\" \/><\/a>\n\t\t\t<\/dt><\/dl><dl class='gallery-item'>\n\t\t\t<dt class='gallery-icon landscape'>\n\t\t\t\t<a href='https:\/\/www.vulkanologische-gesellschaft.de\/blog\/wp-content\/uploads\/2020\/05\/pacaya02.jpg'><img loading=\"lazy\" decoding=\"async\" width=\"150\" height=\"150\" src=\"https:\/\/www.vulkanologische-gesellschaft.de\/blog\/wp-content\/uploads\/2020\/05\/pacaya02-150x150.jpg\" class=\"attachment-thumbnail size-thumbnail\" alt=\"\" srcset=\"https:\/\/www.vulkanologische-gesellschaft.de\/blog\/wp-content\/uploads\/2020\/05\/pacaya02-150x150.jpg 150w, https:\/\/www.vulkanologische-gesellschaft.de\/blog\/wp-content\/uploads\/2020\/05\/pacaya02-75x75.jpg 75w\" sizes=\"auto, (max-width: 150px) 100vw, 150px\" \/><\/a>\n\t\t\t<\/dt><\/dl><dl class='gallery-item'>\n\t\t\t<dt class='gallery-icon landscape'>\n\t\t\t\t<a href='https:\/\/www.vulkanologische-gesellschaft.de\/blog\/wp-content\/uploads\/2020\/05\/pacaya04.jpg'><img loading=\"lazy\" decoding=\"async\" width=\"150\" height=\"150\" src=\"https:\/\/www.vulkanologische-gesellschaft.de\/blog\/wp-content\/uploads\/2020\/05\/pacaya04-150x150.jpg\" class=\"attachment-thumbnail size-thumbnail\" alt=\"\" srcset=\"https:\/\/www.vulkanologische-gesellschaft.de\/blog\/wp-content\/uploads\/2020\/05\/pacaya04-150x150.jpg 150w, https:\/\/www.vulkanologische-gesellschaft.de\/blog\/wp-content\/uploads\/2020\/05\/pacaya04-75x75.jpg 75w\" sizes=\"auto, (max-width: 150px) 100vw, 150px\" \/><\/a>\n\t\t\t<\/dt><\/dl><dl class='gallery-item'>\n\t\t\t<dt class='gallery-icon landscape'>\n\t\t\t\t<a href='https:\/\/www.vulkanologische-gesellschaft.de\/blog\/wp-content\/uploads\/2020\/05\/guatemala-stadt.jpg'><img loading=\"lazy\" decoding=\"async\" width=\"150\" height=\"150\" src=\"https:\/\/www.vulkanologische-gesellschaft.de\/blog\/wp-content\/uploads\/2020\/05\/guatemala-stadt-150x150.jpg\" class=\"attachment-thumbnail size-thumbnail\" alt=\"\" srcset=\"https:\/\/www.vulkanologische-gesellschaft.de\/blog\/wp-content\/uploads\/2020\/05\/guatemala-stadt-150x150.jpg 150w, https:\/\/www.vulkanologische-gesellschaft.de\/blog\/wp-content\/uploads\/2020\/05\/guatemala-stadt-75x75.jpg 75w\" sizes=\"auto, (max-width: 150px) 100vw, 150px\" \/><\/a>\n\t\t\t<\/dt><\/dl><br style=\"clear: both\" \/>\n\t\t<\/div>\n\n","protected":false},"excerpt":{"rendered":"<p>Unser Vorstandsmitglied Marc Szeglat war im Januar 2020 am Vulkan Fuego in Guatemala unterwegs. Dort montierte er f\u00fcr den Verein eine LiveCam. Die Kamera unterst\u00fctzt das Monitoring des Vulkans und soll bald auch als Webcam f\u00fcr jeden zug\u00e4nglich werden. Hier ein paar Bilder von der Montage und dem Vulkan. Vulkan Pacaya Marc Szeglat bereiste auch&hellip;<\/p>\n","protected":false},"author":1,"featured_media":0,"comment_status":"open","ping_status":"closed","sticky":false,"template":"","format":"standard","meta":{"footnotes":""},"categories":[46],"tags":[101],"class_list":["post-685","post","type-post","status-publish","format-standard","hentry","category-vulkanauten","tag-fuego-livecam"],"yoast_head":"<!-- This site is optimized with the Yoast SEO plugin v27.2 - https:\/\/yoast.com\/product\/yoast-seo-wordpress\/ -->\n<title>Installation LiveCam Fuego - Vulkanologische Gesellschaft<\/title>\n<meta name=\"robots\" content=\"index, follow, max-snippet:-1, max-image-preview:large, max-video-preview:-1\" \/>\n<link rel=\"canonical\" href=\"https:\/\/www.vulkanologische-gesellschaft.de\/blog\/2020\/05\/10\/installation-livecam-fuego\/\" \/>\n<meta property=\"og:locale\" content=\"de_DE\" \/>\n<meta property=\"og:type\" content=\"article\" \/>\n<meta property=\"og:title\" content=\"Installation LiveCam Fuego - Vulkanologische Gesellschaft\" \/>\n<meta property=\"og:description\" content=\"Unser Vorstandsmitglied Marc Szeglat war im Januar 2020 am Vulkan Fuego in Guatemala unterwegs. Dort montierte er f\u00fcr den Verein eine LiveCam. Die Kamera unterst\u00fctzt das Monitoring des Vulkans und soll bald auch als Webcam f\u00fcr jeden zug\u00e4nglich werden. Hier ein paar Bilder von der Montage und dem Vulkan. Vulkan Pacaya Marc Szeglat bereiste auch&hellip;\" \/>\n<meta property=\"og:url\" content=\"https:\/\/www.vulkanologische-gesellschaft.de\/blog\/2020\/05\/10\/installation-livecam-fuego\/\" \/>\n<meta property=\"og:site_name\" content=\"Vulkanologische Gesellschaft\" \/>\n<meta property=\"article:publisher\" content=\"https:\/\/www.facebook.com\/profile.php?id=100076365217120\" \/>\n<meta property=\"article:published_time\" content=\"2020-05-10T18:38:43+00:00\" \/>\n<meta property=\"article:modified_time\" content=\"2020-11-24T11:03:13+00:00\" \/>\n<meta property=\"og:image\" content=\"https:\/\/www.vulkanologische-gesellschaft.de\/blog\/wp-content\/uploads\/2020\/05\/fuego04-150x150.jpg\" \/>\n<meta name=\"author\" content=\"Marc Szeglat\" \/>\n<meta name=\"twitter:card\" content=\"summary_large_image\" \/>\n<meta name=\"twitter:label1\" content=\"Verfasst von\" \/>\n\t<meta name=\"twitter:data1\" content=\"Marc Szeglat\" \/>\n<script type=\"application\/ld+json\" class=\"yoast-schema-graph\">{\"@context\":\"https:\/\/schema.org\",\"@graph\":[{\"@type\":\"Article\",\"@id\":\"https:\/\/www.vulkanologische-gesellschaft.de\/blog\/2020\/05\/10\/installation-livecam-fuego\/#article\",\"isPartOf\":{\"@id\":\"https:\/\/www.vulkanologische-gesellschaft.de\/blog\/2020\/05\/10\/installation-livecam-fuego\/\"},\"author\":{\"name\":\"Marc Szeglat\",\"@id\":\"https:\/\/www.vulkanologische-gesellschaft.de\/blog\/#\/schema\/person\/f023125bd99560872650a08cf7b93ebb\"},\"headline\":\"Installation LiveCam Fuego\",\"datePublished\":\"2020-05-10T18:38:43+00:00\",\"dateModified\":\"2020-11-24T11:03:13+00:00\",\"mainEntityOfPage\":{\"@id\":\"https:\/\/www.vulkanologische-gesellschaft.de\/blog\/2020\/05\/10\/installation-livecam-fuego\/\"},\"wordCount\":96,\"commentCount\":0,\"publisher\":{\"@id\":\"https:\/\/www.vulkanologische-gesellschaft.de\/blog\/#organization\"},\"keywords\":[\"Fuego Livecam\"],\"articleSection\":[\"Vulkanauten\"],\"inLanguage\":\"de\",\"potentialAction\":[{\"@type\":\"CommentAction\",\"name\":\"Comment\",\"target\":[\"https:\/\/www.vulkanologische-gesellschaft.de\/blog\/2020\/05\/10\/installation-livecam-fuego\/#respond\"]}]},{\"@type\":\"WebPage\",\"@id\":\"https:\/\/www.vulkanologische-gesellschaft.de\/blog\/2020\/05\/10\/installation-livecam-fuego\/\",\"url\":\"https:\/\/www.vulkanologische-gesellschaft.de\/blog\/2020\/05\/10\/installation-livecam-fuego\/\",\"name\":\"Installation LiveCam Fuego - Vulkanologische Gesellschaft\",\"isPartOf\":{\"@id\":\"https:\/\/www.vulkanologische-gesellschaft.de\/blog\/#website\"},\"datePublished\":\"2020-05-10T18:38:43+00:00\",\"dateModified\":\"2020-11-24T11:03:13+00:00\",\"breadcrumb\":{\"@id\":\"https:\/\/www.vulkanologische-gesellschaft.de\/blog\/2020\/05\/10\/installation-livecam-fuego\/#breadcrumb\"},\"inLanguage\":\"de\",\"potentialAction\":[{\"@type\":\"ReadAction\",\"target\":[\"https:\/\/www.vulkanologische-gesellschaft.de\/blog\/2020\/05\/10\/installation-livecam-fuego\/\"]}]},{\"@type\":\"BreadcrumbList\",\"@id\":\"https:\/\/www.vulkanologische-gesellschaft.de\/blog\/2020\/05\/10\/installation-livecam-fuego\/#breadcrumb\",\"itemListElement\":[{\"@type\":\"ListItem\",\"position\":1,\"name\":\"Startseite\",\"item\":\"https:\/\/www.vulkanologische-gesellschaft.de\/blog\/\"},{\"@type\":\"ListItem\",\"position\":2,\"name\":\"Installation LiveCam Fuego\"}]},{\"@type\":\"WebSite\",\"@id\":\"https:\/\/www.vulkanologische-gesellschaft.de\/blog\/#website\",\"url\":\"https:\/\/www.vulkanologische-gesellschaft.de\/blog\/\",\"name\":\"Vulkanologische Gesellschaft\",\"description\":\"Gesellschaft f\u00fcr internationale Vulkanerkundung\",\"publisher\":{\"@id\":\"https:\/\/www.vulkanologische-gesellschaft.de\/blog\/#organization\"},\"potentialAction\":[{\"@type\":\"SearchAction\",\"target\":{\"@type\":\"EntryPoint\",\"urlTemplate\":\"https:\/\/www.vulkanologische-gesellschaft.de\/blog\/?s={search_term_string}\"},\"query-input\":{\"@type\":\"PropertyValueSpecification\",\"valueRequired\":true,\"valueName\":\"search_term_string\"}}],\"inLanguage\":\"de\"},{\"@type\":\"Organization\",\"@id\":\"https:\/\/www.vulkanologische-gesellschaft.de\/blog\/#organization\",\"name\":\"Vulkanologische Gesellschaft e.V\",\"url\":\"https:\/\/www.vulkanologische-gesellschaft.de\/blog\/\",\"logo\":{\"@type\":\"ImageObject\",\"inLanguage\":\"de\",\"@id\":\"https:\/\/www.vulkanologische-gesellschaft.de\/blog\/#\/schema\/logo\/image\/\",\"url\":\"https:\/\/www.vulkanologische-gesellschaft.de\/blog\/wp-content\/uploads\/2015\/07\/logo-klein.jpg\",\"contentUrl\":\"https:\/\/www.vulkanologische-gesellschaft.de\/blog\/wp-content\/uploads\/2015\/07\/logo-klein.jpg\",\"width\":140,\"height\":139,\"caption\":\"Vulkanologische Gesellschaft e.V\"},\"image\":{\"@id\":\"https:\/\/www.vulkanologische-gesellschaft.de\/blog\/#\/schema\/logo\/image\/\"},\"sameAs\":[\"https:\/\/www.facebook.com\/profile.php?id=100076365217120\"]},{\"@type\":\"Person\",\"@id\":\"https:\/\/www.vulkanologische-gesellschaft.de\/blog\/#\/schema\/person\/f023125bd99560872650a08cf7b93ebb\",\"name\":\"Marc Szeglat\",\"image\":{\"@type\":\"ImageObject\",\"inLanguage\":\"de\",\"@id\":\"https:\/\/secure.gravatar.com\/avatar\/7dc671db686352fad8ced8a5a725f96bf1670804154aef4a4b9181818cce225c?s=96&d=mm&r=g\",\"url\":\"https:\/\/secure.gravatar.com\/avatar\/7dc671db686352fad8ced8a5a725f96bf1670804154aef4a4b9181818cce225c?s=96&d=mm&r=g\",\"contentUrl\":\"https:\/\/secure.gravatar.com\/avatar\/7dc671db686352fad8ced8a5a725f96bf1670804154aef4a4b9181818cce225c?s=96&d=mm&r=g\",\"caption\":\"Marc Szeglat\"},\"description\":\"Marc Szeglat ist Vorstandsmitglied der Vulkanologischen Gesellschaft e.V. und bestieg 1990 seinen ersten aktiven Vulkan. Seitdem dokumentiert er hauptberuflich Vulkanausbr\u00fcche. Marc ist Autor der Seite vulkane.net.\",\"sameAs\":[\"http:\/\/www.vulkane.net\/\"],\"url\":\"https:\/\/www.vulkanologische-gesellschaft.de\/blog\/author\/marcszeglat\/\"}]}<\/script>\n<!-- \/ Yoast SEO plugin. -->","yoast_head_json":{"title":"Installation LiveCam Fuego - Vulkanologische Gesellschaft","robots":{"index":"index","follow":"follow","max-snippet":"max-snippet:-1","max-image-preview":"max-image-preview:large","max-video-preview":"max-video-preview:-1"},"canonical":"https:\/\/www.vulkanologische-gesellschaft.de\/blog\/2020\/05\/10\/installation-livecam-fuego\/","og_locale":"de_DE","og_type":"article","og_title":"Installation LiveCam Fuego - Vulkanologische Gesellschaft","og_description":"Unser Vorstandsmitglied Marc Szeglat war im Januar 2020 am Vulkan Fuego in Guatemala unterwegs. Dort montierte er f\u00fcr den Verein eine LiveCam. Die Kamera unterst\u00fctzt das Monitoring des Vulkans und soll bald auch als Webcam f\u00fcr jeden zug\u00e4nglich werden. Hier ein paar Bilder von der Montage und dem Vulkan. Vulkan Pacaya Marc Szeglat bereiste auch&hellip;","og_url":"https:\/\/www.vulkanologische-gesellschaft.de\/blog\/2020\/05\/10\/installation-livecam-fuego\/","og_site_name":"Vulkanologische Gesellschaft","article_publisher":"https:\/\/www.facebook.com\/profile.php?id=100076365217120","article_published_time":"2020-05-10T18:38:43+00:00","article_modified_time":"2020-11-24T11:03:13+00:00","og_image":[{"url":"https:\/\/www.vulkanologische-gesellschaft.de\/blog\/wp-content\/uploads\/2020\/05\/fuego04-150x150.jpg","type":"","width":"","height":""}],"author":"Marc Szeglat","twitter_card":"summary_large_image","twitter_misc":{"Verfasst von":"Marc Szeglat"},"schema":{"@context":"https:\/\/schema.org","@graph":[{"@type":"Article","@id":"https:\/\/www.vulkanologische-gesellschaft.de\/blog\/2020\/05\/10\/installation-livecam-fuego\/#article","isPartOf":{"@id":"https:\/\/www.vulkanologische-gesellschaft.de\/blog\/2020\/05\/10\/installation-livecam-fuego\/"},"author":{"name":"Marc Szeglat","@id":"https:\/\/www.vulkanologische-gesellschaft.de\/blog\/#\/schema\/person\/f023125bd99560872650a08cf7b93ebb"},"headline":"Installation LiveCam Fuego","datePublished":"2020-05-10T18:38:43+00:00","dateModified":"2020-11-24T11:03:13+00:00","mainEntityOfPage":{"@id":"https:\/\/www.vulkanologische-gesellschaft.de\/blog\/2020\/05\/10\/installation-livecam-fuego\/"},"wordCount":96,"commentCount":0,"publisher":{"@id":"https:\/\/www.vulkanologische-gesellschaft.de\/blog\/#organization"},"keywords":["Fuego Livecam"],"articleSection":["Vulkanauten"],"inLanguage":"de","potentialAction":[{"@type":"CommentAction","name":"Comment","target":["https:\/\/www.vulkanologische-gesellschaft.de\/blog\/2020\/05\/10\/installation-livecam-fuego\/#respond"]}]},{"@type":"WebPage","@id":"https:\/\/www.vulkanologische-gesellschaft.de\/blog\/2020\/05\/10\/installation-livecam-fuego\/","url":"https:\/\/www.vulkanologische-gesellschaft.de\/blog\/2020\/05\/10\/installation-livecam-fuego\/","name":"Installation LiveCam Fuego - Vulkanologische Gesellschaft","isPartOf":{"@id":"https:\/\/www.vulkanologische-gesellschaft.de\/blog\/#website"},"datePublished":"2020-05-10T18:38:43+00:00","dateModified":"2020-11-24T11:03:13+00:00","breadcrumb":{"@id":"https:\/\/www.vulkanologische-gesellschaft.de\/blog\/2020\/05\/10\/installation-livecam-fuego\/#breadcrumb"},"inLanguage":"de","potentialAction":[{"@type":"ReadAction","target":["https:\/\/www.vulkanologische-gesellschaft.de\/blog\/2020\/05\/10\/installation-livecam-fuego\/"]}]},{"@type":"BreadcrumbList","@id":"https:\/\/www.vulkanologische-gesellschaft.de\/blog\/2020\/05\/10\/installation-livecam-fuego\/#breadcrumb","itemListElement":[{"@type":"ListItem","position":1,"name":"Startseite","item":"https:\/\/www.vulkanologische-gesellschaft.de\/blog\/"},{"@type":"ListItem","position":2,"name":"Installation LiveCam Fuego"}]},{"@type":"WebSite","@id":"https:\/\/www.vulkanologische-gesellschaft.de\/blog\/#website","url":"https:\/\/www.vulkanologische-gesellschaft.de\/blog\/","name":"Vulkanologische Gesellschaft","description":"Gesellschaft f\u00fcr internationale Vulkanerkundung","publisher":{"@id":"https:\/\/www.vulkanologische-gesellschaft.de\/blog\/#organization"},"potentialAction":[{"@type":"SearchAction","target":{"@type":"EntryPoint","urlTemplate":"https:\/\/www.vulkanologische-gesellschaft.de\/blog\/?s={search_term_string}"},"query-input":{"@type":"PropertyValueSpecification","valueRequired":true,"valueName":"search_term_string"}}],"inLanguage":"de"},{"@type":"Organization","@id":"https:\/\/www.vulkanologische-gesellschaft.de\/blog\/#organization","name":"Vulkanologische Gesellschaft e.V","url":"https:\/\/www.vulkanologische-gesellschaft.de\/blog\/","logo":{"@type":"ImageObject","inLanguage":"de","@id":"https:\/\/www.vulkanologische-gesellschaft.de\/blog\/#\/schema\/logo\/image\/","url":"https:\/\/www.vulkanologische-gesellschaft.de\/blog\/wp-content\/uploads\/2015\/07\/logo-klein.jpg","contentUrl":"https:\/\/www.vulkanologische-gesellschaft.de\/blog\/wp-content\/uploads\/2015\/07\/logo-klein.jpg","width":140,"height":139,"caption":"Vulkanologische Gesellschaft e.V"},"image":{"@id":"https:\/\/www.vulkanologische-gesellschaft.de\/blog\/#\/schema\/logo\/image\/"},"sameAs":["https:\/\/www.facebook.com\/profile.php?id=100076365217120"]},{"@type":"Person","@id":"https:\/\/www.vulkanologische-gesellschaft.de\/blog\/#\/schema\/person\/f023125bd99560872650a08cf7b93ebb","name":"Marc Szeglat","image":{"@type":"ImageObject","inLanguage":"de","@id":"https:\/\/secure.gravatar.com\/avatar\/7dc671db686352fad8ced8a5a725f96bf1670804154aef4a4b9181818cce225c?s=96&d=mm&r=g","url":"https:\/\/secure.gravatar.com\/avatar\/7dc671db686352fad8ced8a5a725f96bf1670804154aef4a4b9181818cce225c?s=96&d=mm&r=g","contentUrl":"https:\/\/secure.gravatar.com\/avatar\/7dc671db686352fad8ced8a5a725f96bf1670804154aef4a4b9181818cce225c?s=96&d=mm&r=g","caption":"Marc Szeglat"},"description":"Marc Szeglat ist Vorstandsmitglied der Vulkanologischen Gesellschaft e.V. und bestieg 1990 seinen ersten aktiven Vulkan. Seitdem dokumentiert er hauptberuflich Vulkanausbr\u00fcche. Marc ist Autor der Seite vulkane.net.","sameAs":["http:\/\/www.vulkane.net\/"],"url":"https:\/\/www.vulkanologische-gesellschaft.de\/blog\/author\/marcszeglat\/"}]}},"_links":{"self":[{"href":"https:\/\/www.vulkanologische-gesellschaft.de\/blog\/wp-json\/wp\/v2\/posts\/685","targetHints":{"allow":["GET"]}}],"collection":[{"href":"https:\/\/www.vulkanologische-gesellschaft.de\/blog\/wp-json\/wp\/v2\/posts"}],"about":[{"href":"https:\/\/www.vulkanologische-gesellschaft.de\/blog\/wp-json\/wp\/v2\/types\/post"}],"author":[{"embeddable":true,"href":"https:\/\/www.vulkanologische-gesellschaft.de\/blog\/wp-json\/wp\/v2\/users\/1"}],"replies":[{"embeddable":true,"href":"https:\/\/www.vulkanologische-gesellschaft.de\/blog\/wp-json\/wp\/v2\/comments?post=685"}],"version-history":[{"count":11,"href":"https:\/\/www.vulkanologische-gesellschaft.de\/blog\/wp-json\/wp\/v2\/posts\/685\/revisions"}],"predecessor-version":[{"id":810,"href":"https:\/\/www.vulkanologische-gesellschaft.de\/blog\/wp-json\/wp\/v2\/posts\/685\/revisions\/810"}],"wp:attachment":[{"href":"https:\/\/www.vulkanologische-gesellschaft.de\/blog\/wp-json\/wp\/v2\/media?parent=685"}],"wp:term":[{"taxonomy":"category","embeddable":true,"href":"https:\/\/www.vulkanologische-gesellschaft.de\/blog\/wp-json\/wp\/v2\/categories?post=685"},{"taxonomy":"post_tag","embeddable":true,"href":"https:\/\/www.vulkanologische-gesellschaft.de\/blog\/wp-json\/wp\/v2\/tags?post=685"}],"curies":[{"name":"wp","href":"https:\/\/api.w.org\/{rel}","templated":true}]}}