{"id":358,"date":"2018-05-14T21:19:22","date_gmt":"2018-05-14T19:19:22","guid":{"rendered":"http:\/\/blog.vulkanologische-gesellschaft.de\/?p=358"},"modified":"2021-12-12T16:38:22","modified_gmt":"2021-12-12T15:38:22","slug":"jahreshauptversammlung-2018-2","status":"publish","type":"post","link":"https:\/\/www.vulkanologische-gesellschaft.de\/blog\/2018\/05\/14\/jahreshauptversammlung-2018-2\/","title":{"rendered":"Jahreshauptversammlung 2018"},"content":{"rendered":"<p>Am 12.5.18 haben wir bei sch\u00f6nstem Wetter einen Ausflug zum Geysir in Andernach unternommen. Im Anschluss folgte die Versammlung mit Neuwahlen des Vorstandes. Der Abend klang dann mit einer tollen Bildershow von Mitgliedern aus.<\/p>\n\n\t\t<style type=\"text\/css\">\n\t\t\t#gallery-1 {\n\t\t\t\tmargin: auto;\n\t\t\t}\n\t\t\t#gallery-1 .gallery-item {\n\t\t\t\tfloat: left;\n\t\t\t\tmargin-top: 10px;\n\t\t\t\ttext-align: center;\n\t\t\t\twidth: 25%;\n\t\t\t}\n\t\t\t#gallery-1 img {\n\t\t\t\tborder: 2px solid #cfcfcf;\n\t\t\t}\n\t\t\t#gallery-1 .gallery-caption {\n\t\t\t\tmargin-left: 0;\n\t\t\t}\n\t\t\t\/* see gallery_shortcode() in wp-includes\/media.php *\/\n\t\t<\/style>\n\t\t<div id='gallery-1' class='gallery galleryid-358 gallery-columns-4 gallery-size-thumbnail'><dl class='gallery-item'>\n\t\t\t<dt class='gallery-icon landscape'>\n\t\t\t\t<a href='https:\/\/www.vulkanologische-gesellschaft.de\/blog\/?attachment_id=354'><img loading=\"lazy\" decoding=\"async\" width=\"150\" height=\"150\" src=\"https:\/\/www.vulkanologische-gesellschaft.de\/blog\/wp-content\/uploads\/2018\/05\/F9F4236A-3D7D-4713-B113-BDBA7EA3EDB4-150x150.jpeg\" class=\"attachment-thumbnail size-thumbnail\" alt=\"\" \/><\/a>\n\t\t\t<\/dt><\/dl><dl class='gallery-item'>\n\t\t\t<dt class='gallery-icon landscape'>\n\t\t\t\t<a href='https:\/\/www.vulkanologische-gesellschaft.de\/blog\/?attachment_id=352'><img loading=\"lazy\" decoding=\"async\" width=\"150\" height=\"150\" src=\"https:\/\/www.vulkanologische-gesellschaft.de\/blog\/wp-content\/uploads\/2018\/05\/54A2B138-8D63-4966-A8E7-E37FFC7A33AE-150x150.jpeg\" class=\"attachment-thumbnail size-thumbnail\" alt=\"\" \/><\/a>\n\t\t\t<\/dt><\/dl><dl class='gallery-item'>\n\t\t\t<dt class='gallery-icon landscape'>\n\t\t\t\t<a href='https:\/\/www.vulkanologische-gesellschaft.de\/blog\/?attachment_id=351'><img loading=\"lazy\" decoding=\"async\" width=\"150\" height=\"150\" src=\"https:\/\/www.vulkanologische-gesellschaft.de\/blog\/wp-content\/uploads\/2018\/05\/74B5CB0A-95DF-443C-87DA-2A89CE53917F-150x150.jpeg\" class=\"attachment-thumbnail size-thumbnail\" alt=\"\" \/><\/a>\n\t\t\t<\/dt><\/dl><dl class='gallery-item'>\n\t\t\t<dt class='gallery-icon portrait'>\n\t\t\t\t<a href='https:\/\/www.vulkanologische-gesellschaft.de\/blog\/?attachment_id=357'><img loading=\"lazy\" decoding=\"async\" width=\"150\" height=\"150\" src=\"https:\/\/www.vulkanologische-gesellschaft.de\/blog\/wp-content\/uploads\/2018\/05\/80E7705B-0591-4096-82FF-A98963346B33-e1528812917560-150x150.jpeg\" class=\"attachment-thumbnail size-thumbnail\" alt=\"\" \/><\/a>\n\t\t\t<\/dt><\/dl><br style=\"clear: both\" \/>\n\t\t<\/div>\n\n<p>Auf der Hauptversammlung wurde ein neuer Vorstand gew\u00e4hlt. Zudem wurde der Startschuss f\u00fcr eine Bilderausstellung gegeben. Die M\u00f6glichkeiten einer LiveCam am Fuego sollen erkundet werden.<\/p>\n<p>\u00a9 Bianca Weyer<\/p>\n","protected":false},"excerpt":{"rendered":"<p>Am 12.5.18 haben wir bei sch\u00f6nstem Wetter einen Ausflug zum Geysir in Andernach unternommen. Im Anschluss folgte die Versammlung mit Neuwahlen des Vorstandes. Der Abend klang dann mit einer tollen Bildershow von Mitgliedern aus. Auf der Hauptversammlung wurde ein neuer Vorstand gew\u00e4hlt. Zudem wurde der Startschuss f\u00fcr eine Bilderausstellung gegeben. Die M\u00f6glichkeiten einer LiveCam am&hellip;<\/p>\n","protected":false},"author":20,"featured_media":0,"comment_status":"open","ping_status":"closed","sticky":false,"template":"","format":"standard","meta":{"footnotes":""},"categories":[5],"tags":[],"class_list":["post-358","post","type-post","status-publish","format-standard","hentry","category-verein"],"yoast_head":"<!-- This site is optimized with the Yoast SEO plugin v27.2 - https:\/\/yoast.com\/product\/yoast-seo-wordpress\/ -->\n<title>Jahreshauptversammlung 2018 - Vulkanologische Gesellschaft<\/title>\n<meta name=\"robots\" content=\"index, follow, max-snippet:-1, max-image-preview:large, max-video-preview:-1\" \/>\n<link rel=\"canonical\" href=\"https:\/\/www.vulkanologische-gesellschaft.de\/blog\/2018\/05\/14\/jahreshauptversammlung-2018-2\/\" \/>\n<meta property=\"og:locale\" content=\"de_DE\" \/>\n<meta property=\"og:type\" content=\"article\" \/>\n<meta property=\"og:title\" content=\"Jahreshauptversammlung 2018 - Vulkanologische Gesellschaft\" \/>\n<meta property=\"og:description\" content=\"Am 12.5.18 haben wir bei sch\u00f6nstem Wetter einen Ausflug zum Geysir in Andernach unternommen. Im Anschluss folgte die Versammlung mit Neuwahlen des Vorstandes. Der Abend klang dann mit einer tollen Bildershow von Mitgliedern aus. Auf der Hauptversammlung wurde ein neuer Vorstand gew\u00e4hlt. Zudem wurde der Startschuss f\u00fcr eine Bilderausstellung gegeben. Die M\u00f6glichkeiten einer LiveCam am&hellip;\" \/>\n<meta property=\"og:url\" content=\"https:\/\/www.vulkanologische-gesellschaft.de\/blog\/2018\/05\/14\/jahreshauptversammlung-2018-2\/\" \/>\n<meta property=\"og:site_name\" content=\"Vulkanologische Gesellschaft\" \/>\n<meta property=\"article:publisher\" content=\"https:\/\/www.facebook.com\/profile.php?id=100076365217120\" \/>\n<meta property=\"article:published_time\" content=\"2018-05-14T19:19:22+00:00\" \/>\n<meta property=\"article:modified_time\" content=\"2021-12-12T15:38:22+00:00\" \/>\n<meta property=\"og:image\" content=\"https:\/\/www.vulkanologische-gesellschaft.de\/blog\/wp-content\/uploads\/2018\/05\/F9F4236A-3D7D-4713-B113-BDBA7EA3EDB4-150x150.jpeg\" \/>\n<meta name=\"author\" content=\"Marc Szeglat\" \/>\n<meta name=\"twitter:card\" content=\"summary_large_image\" \/>\n<meta name=\"twitter:label1\" content=\"Verfasst von\" \/>\n\t<meta name=\"twitter:data1\" content=\"Marc Szeglat\" \/>\n<script type=\"application\/ld+json\" class=\"yoast-schema-graph\">{\"@context\":\"https:\/\/schema.org\",\"@graph\":[{\"@type\":\"Article\",\"@id\":\"https:\/\/www.vulkanologische-gesellschaft.de\/blog\/2018\/05\/14\/jahreshauptversammlung-2018-2\/#article\",\"isPartOf\":{\"@id\":\"https:\/\/www.vulkanologische-gesellschaft.de\/blog\/2018\/05\/14\/jahreshauptversammlung-2018-2\/\"},\"author\":{\"name\":\"Marc Szeglat\",\"@id\":\"https:\/\/www.vulkanologische-gesellschaft.de\/blog\/#\/schema\/person\/d4018d0050f7e6693eeba10f705bdd80\"},\"headline\":\"Jahreshauptversammlung 2018\",\"datePublished\":\"2018-05-14T19:19:22+00:00\",\"dateModified\":\"2021-12-12T15:38:22+00:00\",\"mainEntityOfPage\":{\"@id\":\"https:\/\/www.vulkanologische-gesellschaft.de\/blog\/2018\/05\/14\/jahreshauptversammlung-2018-2\/\"},\"wordCount\":68,\"commentCount\":0,\"publisher\":{\"@id\":\"https:\/\/www.vulkanologische-gesellschaft.de\/blog\/#organization\"},\"articleSection\":[\"Verein\"],\"inLanguage\":\"de\",\"potentialAction\":[{\"@type\":\"CommentAction\",\"name\":\"Comment\",\"target\":[\"https:\/\/www.vulkanologische-gesellschaft.de\/blog\/2018\/05\/14\/jahreshauptversammlung-2018-2\/#respond\"]}]},{\"@type\":\"WebPage\",\"@id\":\"https:\/\/www.vulkanologische-gesellschaft.de\/blog\/2018\/05\/14\/jahreshauptversammlung-2018-2\/\",\"url\":\"https:\/\/www.vulkanologische-gesellschaft.de\/blog\/2018\/05\/14\/jahreshauptversammlung-2018-2\/\",\"name\":\"Jahreshauptversammlung 2018 - Vulkanologische Gesellschaft\",\"isPartOf\":{\"@id\":\"https:\/\/www.vulkanologische-gesellschaft.de\/blog\/#website\"},\"datePublished\":\"2018-05-14T19:19:22+00:00\",\"dateModified\":\"2021-12-12T15:38:22+00:00\",\"breadcrumb\":{\"@id\":\"https:\/\/www.vulkanologische-gesellschaft.de\/blog\/2018\/05\/14\/jahreshauptversammlung-2018-2\/#breadcrumb\"},\"inLanguage\":\"de\",\"potentialAction\":[{\"@type\":\"ReadAction\",\"target\":[\"https:\/\/www.vulkanologische-gesellschaft.de\/blog\/2018\/05\/14\/jahreshauptversammlung-2018-2\/\"]}]},{\"@type\":\"BreadcrumbList\",\"@id\":\"https:\/\/www.vulkanologische-gesellschaft.de\/blog\/2018\/05\/14\/jahreshauptversammlung-2018-2\/#breadcrumb\",\"itemListElement\":[{\"@type\":\"ListItem\",\"position\":1,\"name\":\"Startseite\",\"item\":\"https:\/\/www.vulkanologische-gesellschaft.de\/blog\/\"},{\"@type\":\"ListItem\",\"position\":2,\"name\":\"Jahreshauptversammlung 2018\"}]},{\"@type\":\"WebSite\",\"@id\":\"https:\/\/www.vulkanologische-gesellschaft.de\/blog\/#website\",\"url\":\"https:\/\/www.vulkanologische-gesellschaft.de\/blog\/\",\"name\":\"Vulkanologische Gesellschaft\",\"description\":\"Gesellschaft f\u00fcr internationale Vulkanerkundung\",\"publisher\":{\"@id\":\"https:\/\/www.vulkanologische-gesellschaft.de\/blog\/#organization\"},\"potentialAction\":[{\"@type\":\"SearchAction\",\"target\":{\"@type\":\"EntryPoint\",\"urlTemplate\":\"https:\/\/www.vulkanologische-gesellschaft.de\/blog\/?s={search_term_string}\"},\"query-input\":{\"@type\":\"PropertyValueSpecification\",\"valueRequired\":true,\"valueName\":\"search_term_string\"}}],\"inLanguage\":\"de\"},{\"@type\":\"Organization\",\"@id\":\"https:\/\/www.vulkanologische-gesellschaft.de\/blog\/#organization\",\"name\":\"Vulkanologische Gesellschaft e.V\",\"url\":\"https:\/\/www.vulkanologische-gesellschaft.de\/blog\/\",\"logo\":{\"@type\":\"ImageObject\",\"inLanguage\":\"de\",\"@id\":\"https:\/\/www.vulkanologische-gesellschaft.de\/blog\/#\/schema\/logo\/image\/\",\"url\":\"https:\/\/www.vulkanologische-gesellschaft.de\/blog\/wp-content\/uploads\/2015\/07\/logo-klein.jpg\",\"contentUrl\":\"https:\/\/www.vulkanologische-gesellschaft.de\/blog\/wp-content\/uploads\/2015\/07\/logo-klein.jpg\",\"width\":140,\"height\":139,\"caption\":\"Vulkanologische Gesellschaft e.V\"},\"image\":{\"@id\":\"https:\/\/www.vulkanologische-gesellschaft.de\/blog\/#\/schema\/logo\/image\/\"},\"sameAs\":[\"https:\/\/www.facebook.com\/profile.php?id=100076365217120\"]},{\"@type\":\"Person\",\"@id\":\"https:\/\/www.vulkanologische-gesellschaft.de\/blog\/#\/schema\/person\/d4018d0050f7e6693eeba10f705bdd80\",\"name\":\"Marc Szeglat\",\"image\":{\"@type\":\"ImageObject\",\"inLanguage\":\"de\",\"@id\":\"https:\/\/secure.gravatar.com\/avatar\/60dbca42124cbce825b3e90466b30eecdafeb6f437333cf8e1f85d3ac841d6fc?s=96&d=mm&r=g\",\"url\":\"https:\/\/secure.gravatar.com\/avatar\/60dbca42124cbce825b3e90466b30eecdafeb6f437333cf8e1f85d3ac841d6fc?s=96&d=mm&r=g\",\"contentUrl\":\"https:\/\/secure.gravatar.com\/avatar\/60dbca42124cbce825b3e90466b30eecdafeb6f437333cf8e1f85d3ac841d6fc?s=96&d=mm&r=g\",\"caption\":\"Marc Szeglat\"},\"url\":\"https:\/\/www.vulkanologische-gesellschaft.de\/blog\/author\/verein\/\"}]}<\/script>\n<!-- \/ Yoast SEO plugin. -->","yoast_head_json":{"title":"Jahreshauptversammlung 2018 - Vulkanologische Gesellschaft","robots":{"index":"index","follow":"follow","max-snippet":"max-snippet:-1","max-image-preview":"max-image-preview:large","max-video-preview":"max-video-preview:-1"},"canonical":"https:\/\/www.vulkanologische-gesellschaft.de\/blog\/2018\/05\/14\/jahreshauptversammlung-2018-2\/","og_locale":"de_DE","og_type":"article","og_title":"Jahreshauptversammlung 2018 - Vulkanologische Gesellschaft","og_description":"Am 12.5.18 haben wir bei sch\u00f6nstem Wetter einen Ausflug zum Geysir in Andernach unternommen. Im Anschluss folgte die Versammlung mit Neuwahlen des Vorstandes. Der Abend klang dann mit einer tollen Bildershow von Mitgliedern aus. Auf der Hauptversammlung wurde ein neuer Vorstand gew\u00e4hlt. Zudem wurde der Startschuss f\u00fcr eine Bilderausstellung gegeben. Die M\u00f6glichkeiten einer LiveCam am&hellip;","og_url":"https:\/\/www.vulkanologische-gesellschaft.de\/blog\/2018\/05\/14\/jahreshauptversammlung-2018-2\/","og_site_name":"Vulkanologische Gesellschaft","article_publisher":"https:\/\/www.facebook.com\/profile.php?id=100076365217120","article_published_time":"2018-05-14T19:19:22+00:00","article_modified_time":"2021-12-12T15:38:22+00:00","og_image":[{"url":"https:\/\/www.vulkanologische-gesellschaft.de\/blog\/wp-content\/uploads\/2018\/05\/F9F4236A-3D7D-4713-B113-BDBA7EA3EDB4-150x150.jpeg","type":"","width":"","height":""}],"author":"Marc Szeglat","twitter_card":"summary_large_image","twitter_misc":{"Verfasst von":"Marc Szeglat"},"schema":{"@context":"https:\/\/schema.org","@graph":[{"@type":"Article","@id":"https:\/\/www.vulkanologische-gesellschaft.de\/blog\/2018\/05\/14\/jahreshauptversammlung-2018-2\/#article","isPartOf":{"@id":"https:\/\/www.vulkanologische-gesellschaft.de\/blog\/2018\/05\/14\/jahreshauptversammlung-2018-2\/"},"author":{"name":"Marc Szeglat","@id":"https:\/\/www.vulkanologische-gesellschaft.de\/blog\/#\/schema\/person\/d4018d0050f7e6693eeba10f705bdd80"},"headline":"Jahreshauptversammlung 2018","datePublished":"2018-05-14T19:19:22+00:00","dateModified":"2021-12-12T15:38:22+00:00","mainEntityOfPage":{"@id":"https:\/\/www.vulkanologische-gesellschaft.de\/blog\/2018\/05\/14\/jahreshauptversammlung-2018-2\/"},"wordCount":68,"commentCount":0,"publisher":{"@id":"https:\/\/www.vulkanologische-gesellschaft.de\/blog\/#organization"},"articleSection":["Verein"],"inLanguage":"de","potentialAction":[{"@type":"CommentAction","name":"Comment","target":["https:\/\/www.vulkanologische-gesellschaft.de\/blog\/2018\/05\/14\/jahreshauptversammlung-2018-2\/#respond"]}]},{"@type":"WebPage","@id":"https:\/\/www.vulkanologische-gesellschaft.de\/blog\/2018\/05\/14\/jahreshauptversammlung-2018-2\/","url":"https:\/\/www.vulkanologische-gesellschaft.de\/blog\/2018\/05\/14\/jahreshauptversammlung-2018-2\/","name":"Jahreshauptversammlung 2018 - Vulkanologische Gesellschaft","isPartOf":{"@id":"https:\/\/www.vulkanologische-gesellschaft.de\/blog\/#website"},"datePublished":"2018-05-14T19:19:22+00:00","dateModified":"2021-12-12T15:38:22+00:00","breadcrumb":{"@id":"https:\/\/www.vulkanologische-gesellschaft.de\/blog\/2018\/05\/14\/jahreshauptversammlung-2018-2\/#breadcrumb"},"inLanguage":"de","potentialAction":[{"@type":"ReadAction","target":["https:\/\/www.vulkanologische-gesellschaft.de\/blog\/2018\/05\/14\/jahreshauptversammlung-2018-2\/"]}]},{"@type":"BreadcrumbList","@id":"https:\/\/www.vulkanologische-gesellschaft.de\/blog\/2018\/05\/14\/jahreshauptversammlung-2018-2\/#breadcrumb","itemListElement":[{"@type":"ListItem","position":1,"name":"Startseite","item":"https:\/\/www.vulkanologische-gesellschaft.de\/blog\/"},{"@type":"ListItem","position":2,"name":"Jahreshauptversammlung 2018"}]},{"@type":"WebSite","@id":"https:\/\/www.vulkanologische-gesellschaft.de\/blog\/#website","url":"https:\/\/www.vulkanologische-gesellschaft.de\/blog\/","name":"Vulkanologische Gesellschaft","description":"Gesellschaft f\u00fcr internationale Vulkanerkundung","publisher":{"@id":"https:\/\/www.vulkanologische-gesellschaft.de\/blog\/#organization"},"potentialAction":[{"@type":"SearchAction","target":{"@type":"EntryPoint","urlTemplate":"https:\/\/www.vulkanologische-gesellschaft.de\/blog\/?s={search_term_string}"},"query-input":{"@type":"PropertyValueSpecification","valueRequired":true,"valueName":"search_term_string"}}],"inLanguage":"de"},{"@type":"Organization","@id":"https:\/\/www.vulkanologische-gesellschaft.de\/blog\/#organization","name":"Vulkanologische Gesellschaft e.V","url":"https:\/\/www.vulkanologische-gesellschaft.de\/blog\/","logo":{"@type":"ImageObject","inLanguage":"de","@id":"https:\/\/www.vulkanologische-gesellschaft.de\/blog\/#\/schema\/logo\/image\/","url":"https:\/\/www.vulkanologische-gesellschaft.de\/blog\/wp-content\/uploads\/2015\/07\/logo-klein.jpg","contentUrl":"https:\/\/www.vulkanologische-gesellschaft.de\/blog\/wp-content\/uploads\/2015\/07\/logo-klein.jpg","width":140,"height":139,"caption":"Vulkanologische Gesellschaft e.V"},"image":{"@id":"https:\/\/www.vulkanologische-gesellschaft.de\/blog\/#\/schema\/logo\/image\/"},"sameAs":["https:\/\/www.facebook.com\/profile.php?id=100076365217120"]},{"@type":"Person","@id":"https:\/\/www.vulkanologische-gesellschaft.de\/blog\/#\/schema\/person\/d4018d0050f7e6693eeba10f705bdd80","name":"Marc Szeglat","image":{"@type":"ImageObject","inLanguage":"de","@id":"https:\/\/secure.gravatar.com\/avatar\/60dbca42124cbce825b3e90466b30eecdafeb6f437333cf8e1f85d3ac841d6fc?s=96&d=mm&r=g","url":"https:\/\/secure.gravatar.com\/avatar\/60dbca42124cbce825b3e90466b30eecdafeb6f437333cf8e1f85d3ac841d6fc?s=96&d=mm&r=g","contentUrl":"https:\/\/secure.gravatar.com\/avatar\/60dbca42124cbce825b3e90466b30eecdafeb6f437333cf8e1f85d3ac841d6fc?s=96&d=mm&r=g","caption":"Marc Szeglat"},"url":"https:\/\/www.vulkanologische-gesellschaft.de\/blog\/author\/verein\/"}]}},"_links":{"self":[{"href":"https:\/\/www.vulkanologische-gesellschaft.de\/blog\/wp-json\/wp\/v2\/posts\/358","targetHints":{"allow":["GET"]}}],"collection":[{"href":"https:\/\/www.vulkanologische-gesellschaft.de\/blog\/wp-json\/wp\/v2\/posts"}],"about":[{"href":"https:\/\/www.vulkanologische-gesellschaft.de\/blog\/wp-json\/wp\/v2\/types\/post"}],"author":[{"embeddable":true,"href":"https:\/\/www.vulkanologische-gesellschaft.de\/blog\/wp-json\/wp\/v2\/users\/20"}],"replies":[{"embeddable":true,"href":"https:\/\/www.vulkanologische-gesellschaft.de\/blog\/wp-json\/wp\/v2\/comments?post=358"}],"version-history":[{"count":6,"href":"https:\/\/www.vulkanologische-gesellschaft.de\/blog\/wp-json\/wp\/v2\/posts\/358\/revisions"}],"predecessor-version":[{"id":834,"href":"https:\/\/www.vulkanologische-gesellschaft.de\/blog\/wp-json\/wp\/v2\/posts\/358\/revisions\/834"}],"wp:attachment":[{"href":"https:\/\/www.vulkanologische-gesellschaft.de\/blog\/wp-json\/wp\/v2\/media?parent=358"}],"wp:term":[{"taxonomy":"category","embeddable":true,"href":"https:\/\/www.vulkanologische-gesellschaft.de\/blog\/wp-json\/wp\/v2\/categories?post=358"},{"taxonomy":"post_tag","embeddable":true,"href":"https:\/\/www.vulkanologische-gesellschaft.de\/blog\/wp-json\/wp\/v2\/tags?post=358"}],"curies":[{"name":"wp","href":"https:\/\/api.w.org\/{rel}","templated":true}]}}