{"id":282,"date":"2016-12-08T20:15:00","date_gmt":"2016-12-08T19:15:00","guid":{"rendered":"http:\/\/blog.vulkanologische-gesellschaft.de\/?p=282"},"modified":"2016-12-10T13:07:01","modified_gmt":"2016-12-10T12:07:01","slug":"vulkanologische-konferenz-auf-methana","status":"publish","type":"post","link":"https:\/\/www.vulkanologische-gesellschaft.de\/blog\/2016\/12\/08\/vulkanologische-konferenz-auf-methana\/","title":{"rendered":"Vulkanologische Konferenz auf Methana"},"content":{"rendered":"<p>Die <strong>erste, internationale Konferenz<\/strong> \u00fcber den <strong>Vulkanismus der Halbinsel Methana<\/strong> in Griechenland war ein Erfolg. Vom 10 bis 12 Juni 2016 diskutierten alle Vulkanologen, die in der Region t\u00e4tig waren, \u00fcber ihre Ergebnisse. Dabei wurde sehr deutlich, <strong>dass der Vulkanismus der ca. 55 qkm gro\u00dfen Halbinsel nicht erloschen ist<\/strong>. In Zukunft muss die Region weiter beobachtet werden, da eine vulkanische T\u00e4tigkeit jederzeit stattfinden kann. Die <strong>Dazit-Laven<\/strong> sind teilweise gasreich und erzeugten in der Vergangenheit gro\u00dfe, <strong>phreatische Eruptionen<\/strong>, deren Reste Bimsvorkommen und pyroklastische Gesteine Zeugen sind.<br \/>\nEin wichtiges Thema der Konferenz war auch, wie man den Vulkanismus nutzen kann, um die Region attraktiv f\u00fcr den <strong>Geotourismus<\/strong> machen kann. Dazu sind gut gepflegte und markierte Wanderwege, sowie ein Informationssystem n\u00f6tig. Ob die Gemeinde Troizen-Methana dies in der nahen Zukunft unterst\u00fctzen wird, zeigt dann, ob man es mit dem Tourismus ernst nimmt.<\/p>\n<p>Weitere Informationen gibt es unter <a href=\"http:\/\/www.methana.com\/saronischer-golf\/methana\/methana-promotion\/konferenz-methana-2016.html\">diesem Link:<\/a><\/p>\n<div id=\"attachment_283\" style=\"width: 310px\" class=\"wp-caption alignleft\"><a href=\"https:\/\/vulkanologische-gesellschaft.de\/blog\/wp-content\/uploads\/2016\/12\/tobias_konferenz_2016.jpg\"><img loading=\"lazy\" decoding=\"async\" aria-describedby=\"caption-attachment-283\" class=\"size-medium wp-image-283\" src=\"https:\/\/vulkanologische-gesellschaft.de\/blog\/wp-content\/uploads\/2016\/12\/tobias_konferenz_2016-300x225.jpg\" alt=\"Tobias Schorr war der Initiator der Konferenz\" width=\"300\" height=\"225\" srcset=\"https:\/\/www.vulkanologische-gesellschaft.de\/blog\/wp-content\/uploads\/2016\/12\/tobias_konferenz_2016-300x225.jpg 300w, https:\/\/www.vulkanologische-gesellschaft.de\/blog\/wp-content\/uploads\/2016\/12\/tobias_konferenz_2016-768x576.jpg 768w, https:\/\/www.vulkanologische-gesellschaft.de\/blog\/wp-content\/uploads\/2016\/12\/tobias_konferenz_2016-700x525.jpg 700w, https:\/\/www.vulkanologische-gesellschaft.de\/blog\/wp-content\/uploads\/2016\/12\/tobias_konferenz_2016-800x600.jpg 800w, https:\/\/www.vulkanologische-gesellschaft.de\/blog\/wp-content\/uploads\/2016\/12\/tobias_konferenz_2016-80x60.jpg 80w, https:\/\/www.vulkanologische-gesellschaft.de\/blog\/wp-content\/uploads\/2016\/12\/tobias_konferenz_2016.jpg 2048w\" sizes=\"auto, (max-width: 300px) 100vw, 300px\" \/><\/a><p id=\"caption-attachment-283\" class=\"wp-caption-text\">Tobis Schorr erkl\u00e4rte die Chancen, die der Geotourismus bieten k\u00f6nnte.<\/p><\/div>\n","protected":false},"excerpt":{"rendered":"<p>Die erste, internationale Konferenz \u00fcber den Vulkanismus der Halbinsel Methana in Griechenland war ein Erfolg. Vom 10 bis 12 Juni 2016 diskutierten alle Vulkanologen, die in der Region t\u00e4tig waren, \u00fcber ihre Ergebnisse. Dabei wurde sehr deutlich, dass der Vulkanismus der ca. 55 qkm gro\u00dfen Halbinsel nicht erloschen ist. In Zukunft muss die Region weiter&hellip;<\/p>\n","protected":false},"author":5,"featured_media":0,"comment_status":"open","ping_status":"closed","sticky":false,"template":"","format":"standard","meta":{"footnotes":""},"categories":[46],"tags":[],"class_list":["post-282","post","type-post","status-publish","format-standard","hentry","category-vulkanauten"],"yoast_head":"<!-- This site is optimized with the Yoast SEO plugin v27.2 - https:\/\/yoast.com\/product\/yoast-seo-wordpress\/ -->\n<title>Vulkanologische Konferenz auf Methana - Vulkanologische Gesellschaft<\/title>\n<meta name=\"robots\" content=\"index, follow, max-snippet:-1, max-image-preview:large, max-video-preview:-1\" \/>\n<link rel=\"canonical\" href=\"https:\/\/www.vulkanologische-gesellschaft.de\/blog\/2016\/12\/08\/vulkanologische-konferenz-auf-methana\/\" \/>\n<meta property=\"og:locale\" content=\"de_DE\" \/>\n<meta property=\"og:type\" content=\"article\" \/>\n<meta property=\"og:title\" content=\"Vulkanologische Konferenz auf Methana - Vulkanologische Gesellschaft\" \/>\n<meta property=\"og:description\" content=\"Die erste, internationale Konferenz \u00fcber den Vulkanismus der Halbinsel Methana in Griechenland war ein Erfolg. Vom 10 bis 12 Juni 2016 diskutierten alle Vulkanologen, die in der Region t\u00e4tig waren, \u00fcber ihre Ergebnisse. Dabei wurde sehr deutlich, dass der Vulkanismus der ca. 55 qkm gro\u00dfen Halbinsel nicht erloschen ist. In Zukunft muss die Region weiter&hellip;\" \/>\n<meta property=\"og:url\" content=\"https:\/\/www.vulkanologische-gesellschaft.de\/blog\/2016\/12\/08\/vulkanologische-konferenz-auf-methana\/\" \/>\n<meta property=\"og:site_name\" content=\"Vulkanologische Gesellschaft\" \/>\n<meta property=\"article:publisher\" content=\"https:\/\/www.facebook.com\/profile.php?id=100076365217120\" \/>\n<meta property=\"article:published_time\" content=\"2016-12-08T19:15:00+00:00\" \/>\n<meta property=\"article:modified_time\" content=\"2016-12-10T12:07:01+00:00\" \/>\n<meta property=\"og:image\" content=\"https:\/\/www.vulkanologische-gesellschaft.de\/blog\/wp-content\/uploads\/2016\/12\/tobias_konferenz_2016.jpg\" \/>\n\t<meta property=\"og:image:width\" content=\"2048\" \/>\n\t<meta property=\"og:image:height\" content=\"1536\" \/>\n\t<meta property=\"og:image:type\" content=\"image\/jpeg\" \/>\n<meta name=\"author\" content=\"Tobias Schorr\" \/>\n<meta name=\"twitter:card\" content=\"summary_large_image\" \/>\n<meta name=\"twitter:label1\" content=\"Verfasst von\" \/>\n\t<meta name=\"twitter:data1\" content=\"Tobias Schorr\" \/>\n\t<meta name=\"twitter:label2\" content=\"Gesch\u00e4tzte Lesezeit\" \/>\n\t<meta name=\"twitter:data2\" content=\"1\u00a0Minute\" \/>\n<script type=\"application\/ld+json\" class=\"yoast-schema-graph\">{\"@context\":\"https:\/\/schema.org\",\"@graph\":[{\"@type\":\"Article\",\"@id\":\"https:\/\/www.vulkanologische-gesellschaft.de\/blog\/2016\/12\/08\/vulkanologische-konferenz-auf-methana\/#article\",\"isPartOf\":{\"@id\":\"https:\/\/www.vulkanologische-gesellschaft.de\/blog\/2016\/12\/08\/vulkanologische-konferenz-auf-methana\/\"},\"author\":{\"name\":\"Tobias Schorr\",\"@id\":\"https:\/\/www.vulkanologische-gesellschaft.de\/blog\/#\/schema\/person\/5d25ff2bc478a1b8e3b358203e709a27\"},\"headline\":\"Vulkanologische Konferenz auf Methana\",\"datePublished\":\"2016-12-08T19:15:00+00:00\",\"dateModified\":\"2016-12-10T12:07:01+00:00\",\"mainEntityOfPage\":{\"@id\":\"https:\/\/www.vulkanologische-gesellschaft.de\/blog\/2016\/12\/08\/vulkanologische-konferenz-auf-methana\/\"},\"wordCount\":172,\"commentCount\":0,\"publisher\":{\"@id\":\"https:\/\/www.vulkanologische-gesellschaft.de\/blog\/#organization\"},\"image\":{\"@id\":\"https:\/\/www.vulkanologische-gesellschaft.de\/blog\/2016\/12\/08\/vulkanologische-konferenz-auf-methana\/#primaryimage\"},\"thumbnailUrl\":\"https:\/\/vulkanologische-gesellschaft.de\/blog\/wp-content\/uploads\/2016\/12\/tobias_konferenz_2016-300x225.jpg\",\"articleSection\":[\"Vulkanauten\"],\"inLanguage\":\"de\",\"potentialAction\":[{\"@type\":\"CommentAction\",\"name\":\"Comment\",\"target\":[\"https:\/\/www.vulkanologische-gesellschaft.de\/blog\/2016\/12\/08\/vulkanologische-konferenz-auf-methana\/#respond\"]}]},{\"@type\":\"WebPage\",\"@id\":\"https:\/\/www.vulkanologische-gesellschaft.de\/blog\/2016\/12\/08\/vulkanologische-konferenz-auf-methana\/\",\"url\":\"https:\/\/www.vulkanologische-gesellschaft.de\/blog\/2016\/12\/08\/vulkanologische-konferenz-auf-methana\/\",\"name\":\"Vulkanologische Konferenz auf Methana - Vulkanologische Gesellschaft\",\"isPartOf\":{\"@id\":\"https:\/\/www.vulkanologische-gesellschaft.de\/blog\/#website\"},\"primaryImageOfPage\":{\"@id\":\"https:\/\/www.vulkanologische-gesellschaft.de\/blog\/2016\/12\/08\/vulkanologische-konferenz-auf-methana\/#primaryimage\"},\"image\":{\"@id\":\"https:\/\/www.vulkanologische-gesellschaft.de\/blog\/2016\/12\/08\/vulkanologische-konferenz-auf-methana\/#primaryimage\"},\"thumbnailUrl\":\"https:\/\/vulkanologische-gesellschaft.de\/blog\/wp-content\/uploads\/2016\/12\/tobias_konferenz_2016-300x225.jpg\",\"datePublished\":\"2016-12-08T19:15:00+00:00\",\"dateModified\":\"2016-12-10T12:07:01+00:00\",\"breadcrumb\":{\"@id\":\"https:\/\/www.vulkanologische-gesellschaft.de\/blog\/2016\/12\/08\/vulkanologische-konferenz-auf-methana\/#breadcrumb\"},\"inLanguage\":\"de\",\"potentialAction\":[{\"@type\":\"ReadAction\",\"target\":[\"https:\/\/www.vulkanologische-gesellschaft.de\/blog\/2016\/12\/08\/vulkanologische-konferenz-auf-methana\/\"]}]},{\"@type\":\"ImageObject\",\"inLanguage\":\"de\",\"@id\":\"https:\/\/www.vulkanologische-gesellschaft.de\/blog\/2016\/12\/08\/vulkanologische-konferenz-auf-methana\/#primaryimage\",\"url\":\"https:\/\/vulkanologische-gesellschaft.de\/blog\/wp-content\/uploads\/2016\/12\/tobias_konferenz_2016-300x225.jpg\",\"contentUrl\":\"https:\/\/vulkanologische-gesellschaft.de\/blog\/wp-content\/uploads\/2016\/12\/tobias_konferenz_2016-300x225.jpg\"},{\"@type\":\"BreadcrumbList\",\"@id\":\"https:\/\/www.vulkanologische-gesellschaft.de\/blog\/2016\/12\/08\/vulkanologische-konferenz-auf-methana\/#breadcrumb\",\"itemListElement\":[{\"@type\":\"ListItem\",\"position\":1,\"name\":\"Startseite\",\"item\":\"https:\/\/www.vulkanologische-gesellschaft.de\/blog\/\"},{\"@type\":\"ListItem\",\"position\":2,\"name\":\"Vulkanologische Konferenz auf Methana\"}]},{\"@type\":\"WebSite\",\"@id\":\"https:\/\/www.vulkanologische-gesellschaft.de\/blog\/#website\",\"url\":\"https:\/\/www.vulkanologische-gesellschaft.de\/blog\/\",\"name\":\"Vulkanologische Gesellschaft\",\"description\":\"Gesellschaft f\u00fcr internationale Vulkanerkundung\",\"publisher\":{\"@id\":\"https:\/\/www.vulkanologische-gesellschaft.de\/blog\/#organization\"},\"potentialAction\":[{\"@type\":\"SearchAction\",\"target\":{\"@type\":\"EntryPoint\",\"urlTemplate\":\"https:\/\/www.vulkanologische-gesellschaft.de\/blog\/?s={search_term_string}\"},\"query-input\":{\"@type\":\"PropertyValueSpecification\",\"valueRequired\":true,\"valueName\":\"search_term_string\"}}],\"inLanguage\":\"de\"},{\"@type\":\"Organization\",\"@id\":\"https:\/\/www.vulkanologische-gesellschaft.de\/blog\/#organization\",\"name\":\"Vulkanologische Gesellschaft e.V\",\"url\":\"https:\/\/www.vulkanologische-gesellschaft.de\/blog\/\",\"logo\":{\"@type\":\"ImageObject\",\"inLanguage\":\"de\",\"@id\":\"https:\/\/www.vulkanologische-gesellschaft.de\/blog\/#\/schema\/logo\/image\/\",\"url\":\"https:\/\/www.vulkanologische-gesellschaft.de\/blog\/wp-content\/uploads\/2015\/07\/logo-klein.jpg\",\"contentUrl\":\"https:\/\/www.vulkanologische-gesellschaft.de\/blog\/wp-content\/uploads\/2015\/07\/logo-klein.jpg\",\"width\":140,\"height\":139,\"caption\":\"Vulkanologische Gesellschaft e.V\"},\"image\":{\"@id\":\"https:\/\/www.vulkanologische-gesellschaft.de\/blog\/#\/schema\/logo\/image\/\"},\"sameAs\":[\"https:\/\/www.facebook.com\/profile.php?id=100076365217120\"]},{\"@type\":\"Person\",\"@id\":\"https:\/\/www.vulkanologische-gesellschaft.de\/blog\/#\/schema\/person\/5d25ff2bc478a1b8e3b358203e709a27\",\"name\":\"Tobias Schorr\",\"image\":{\"@type\":\"ImageObject\",\"inLanguage\":\"de\",\"@id\":\"https:\/\/secure.gravatar.com\/avatar\/db632da1963ce9f9172a7aa2c06f4e422b060599ace0a05b07912a288af7e204?s=96&d=mm&r=g\",\"url\":\"https:\/\/secure.gravatar.com\/avatar\/db632da1963ce9f9172a7aa2c06f4e422b060599ace0a05b07912a288af7e204?s=96&d=mm&r=g\",\"contentUrl\":\"https:\/\/secure.gravatar.com\/avatar\/db632da1963ce9f9172a7aa2c06f4e422b060599ace0a05b07912a288af7e204?s=96&d=mm&r=g\",\"caption\":\"Tobias Schorr\"},\"url\":\"https:\/\/www.vulkanologische-gesellschaft.de\/blog\/author\/tobiasschorr\/\"}]}<\/script>\n<!-- \/ Yoast SEO plugin. -->","yoast_head_json":{"title":"Vulkanologische Konferenz auf Methana - Vulkanologische Gesellschaft","robots":{"index":"index","follow":"follow","max-snippet":"max-snippet:-1","max-image-preview":"max-image-preview:large","max-video-preview":"max-video-preview:-1"},"canonical":"https:\/\/www.vulkanologische-gesellschaft.de\/blog\/2016\/12\/08\/vulkanologische-konferenz-auf-methana\/","og_locale":"de_DE","og_type":"article","og_title":"Vulkanologische Konferenz auf Methana - Vulkanologische Gesellschaft","og_description":"Die erste, internationale Konferenz \u00fcber den Vulkanismus der Halbinsel Methana in Griechenland war ein Erfolg. Vom 10 bis 12 Juni 2016 diskutierten alle Vulkanologen, die in der Region t\u00e4tig waren, \u00fcber ihre Ergebnisse. Dabei wurde sehr deutlich, dass der Vulkanismus der ca. 55 qkm gro\u00dfen Halbinsel nicht erloschen ist. In Zukunft muss die Region weiter&hellip;","og_url":"https:\/\/www.vulkanologische-gesellschaft.de\/blog\/2016\/12\/08\/vulkanologische-konferenz-auf-methana\/","og_site_name":"Vulkanologische Gesellschaft","article_publisher":"https:\/\/www.facebook.com\/profile.php?id=100076365217120","article_published_time":"2016-12-08T19:15:00+00:00","article_modified_time":"2016-12-10T12:07:01+00:00","og_image":[{"width":2048,"height":1536,"url":"https:\/\/www.vulkanologische-gesellschaft.de\/blog\/wp-content\/uploads\/2016\/12\/tobias_konferenz_2016.jpg","type":"image\/jpeg"}],"author":"Tobias Schorr","twitter_card":"summary_large_image","twitter_misc":{"Verfasst von":"Tobias Schorr","Gesch\u00e4tzte Lesezeit":"1\u00a0Minute"},"schema":{"@context":"https:\/\/schema.org","@graph":[{"@type":"Article","@id":"https:\/\/www.vulkanologische-gesellschaft.de\/blog\/2016\/12\/08\/vulkanologische-konferenz-auf-methana\/#article","isPartOf":{"@id":"https:\/\/www.vulkanologische-gesellschaft.de\/blog\/2016\/12\/08\/vulkanologische-konferenz-auf-methana\/"},"author":{"name":"Tobias Schorr","@id":"https:\/\/www.vulkanologische-gesellschaft.de\/blog\/#\/schema\/person\/5d25ff2bc478a1b8e3b358203e709a27"},"headline":"Vulkanologische Konferenz auf Methana","datePublished":"2016-12-08T19:15:00+00:00","dateModified":"2016-12-10T12:07:01+00:00","mainEntityOfPage":{"@id":"https:\/\/www.vulkanologische-gesellschaft.de\/blog\/2016\/12\/08\/vulkanologische-konferenz-auf-methana\/"},"wordCount":172,"commentCount":0,"publisher":{"@id":"https:\/\/www.vulkanologische-gesellschaft.de\/blog\/#organization"},"image":{"@id":"https:\/\/www.vulkanologische-gesellschaft.de\/blog\/2016\/12\/08\/vulkanologische-konferenz-auf-methana\/#primaryimage"},"thumbnailUrl":"https:\/\/vulkanologische-gesellschaft.de\/blog\/wp-content\/uploads\/2016\/12\/tobias_konferenz_2016-300x225.jpg","articleSection":["Vulkanauten"],"inLanguage":"de","potentialAction":[{"@type":"CommentAction","name":"Comment","target":["https:\/\/www.vulkanologische-gesellschaft.de\/blog\/2016\/12\/08\/vulkanologische-konferenz-auf-methana\/#respond"]}]},{"@type":"WebPage","@id":"https:\/\/www.vulkanologische-gesellschaft.de\/blog\/2016\/12\/08\/vulkanologische-konferenz-auf-methana\/","url":"https:\/\/www.vulkanologische-gesellschaft.de\/blog\/2016\/12\/08\/vulkanologische-konferenz-auf-methana\/","name":"Vulkanologische Konferenz auf Methana - Vulkanologische Gesellschaft","isPartOf":{"@id":"https:\/\/www.vulkanologische-gesellschaft.de\/blog\/#website"},"primaryImageOfPage":{"@id":"https:\/\/www.vulkanologische-gesellschaft.de\/blog\/2016\/12\/08\/vulkanologische-konferenz-auf-methana\/#primaryimage"},"image":{"@id":"https:\/\/www.vulkanologische-gesellschaft.de\/blog\/2016\/12\/08\/vulkanologische-konferenz-auf-methana\/#primaryimage"},"thumbnailUrl":"https:\/\/vulkanologische-gesellschaft.de\/blog\/wp-content\/uploads\/2016\/12\/tobias_konferenz_2016-300x225.jpg","datePublished":"2016-12-08T19:15:00+00:00","dateModified":"2016-12-10T12:07:01+00:00","breadcrumb":{"@id":"https:\/\/www.vulkanologische-gesellschaft.de\/blog\/2016\/12\/08\/vulkanologische-konferenz-auf-methana\/#breadcrumb"},"inLanguage":"de","potentialAction":[{"@type":"ReadAction","target":["https:\/\/www.vulkanologische-gesellschaft.de\/blog\/2016\/12\/08\/vulkanologische-konferenz-auf-methana\/"]}]},{"@type":"ImageObject","inLanguage":"de","@id":"https:\/\/www.vulkanologische-gesellschaft.de\/blog\/2016\/12\/08\/vulkanologische-konferenz-auf-methana\/#primaryimage","url":"https:\/\/vulkanologische-gesellschaft.de\/blog\/wp-content\/uploads\/2016\/12\/tobias_konferenz_2016-300x225.jpg","contentUrl":"https:\/\/vulkanologische-gesellschaft.de\/blog\/wp-content\/uploads\/2016\/12\/tobias_konferenz_2016-300x225.jpg"},{"@type":"BreadcrumbList","@id":"https:\/\/www.vulkanologische-gesellschaft.de\/blog\/2016\/12\/08\/vulkanologische-konferenz-auf-methana\/#breadcrumb","itemListElement":[{"@type":"ListItem","position":1,"name":"Startseite","item":"https:\/\/www.vulkanologische-gesellschaft.de\/blog\/"},{"@type":"ListItem","position":2,"name":"Vulkanologische Konferenz auf Methana"}]},{"@type":"WebSite","@id":"https:\/\/www.vulkanologische-gesellschaft.de\/blog\/#website","url":"https:\/\/www.vulkanologische-gesellschaft.de\/blog\/","name":"Vulkanologische Gesellschaft","description":"Gesellschaft f\u00fcr internationale Vulkanerkundung","publisher":{"@id":"https:\/\/www.vulkanologische-gesellschaft.de\/blog\/#organization"},"potentialAction":[{"@type":"SearchAction","target":{"@type":"EntryPoint","urlTemplate":"https:\/\/www.vulkanologische-gesellschaft.de\/blog\/?s={search_term_string}"},"query-input":{"@type":"PropertyValueSpecification","valueRequired":true,"valueName":"search_term_string"}}],"inLanguage":"de"},{"@type":"Organization","@id":"https:\/\/www.vulkanologische-gesellschaft.de\/blog\/#organization","name":"Vulkanologische Gesellschaft e.V","url":"https:\/\/www.vulkanologische-gesellschaft.de\/blog\/","logo":{"@type":"ImageObject","inLanguage":"de","@id":"https:\/\/www.vulkanologische-gesellschaft.de\/blog\/#\/schema\/logo\/image\/","url":"https:\/\/www.vulkanologische-gesellschaft.de\/blog\/wp-content\/uploads\/2015\/07\/logo-klein.jpg","contentUrl":"https:\/\/www.vulkanologische-gesellschaft.de\/blog\/wp-content\/uploads\/2015\/07\/logo-klein.jpg","width":140,"height":139,"caption":"Vulkanologische Gesellschaft e.V"},"image":{"@id":"https:\/\/www.vulkanologische-gesellschaft.de\/blog\/#\/schema\/logo\/image\/"},"sameAs":["https:\/\/www.facebook.com\/profile.php?id=100076365217120"]},{"@type":"Person","@id":"https:\/\/www.vulkanologische-gesellschaft.de\/blog\/#\/schema\/person\/5d25ff2bc478a1b8e3b358203e709a27","name":"Tobias Schorr","image":{"@type":"ImageObject","inLanguage":"de","@id":"https:\/\/secure.gravatar.com\/avatar\/db632da1963ce9f9172a7aa2c06f4e422b060599ace0a05b07912a288af7e204?s=96&d=mm&r=g","url":"https:\/\/secure.gravatar.com\/avatar\/db632da1963ce9f9172a7aa2c06f4e422b060599ace0a05b07912a288af7e204?s=96&d=mm&r=g","contentUrl":"https:\/\/secure.gravatar.com\/avatar\/db632da1963ce9f9172a7aa2c06f4e422b060599ace0a05b07912a288af7e204?s=96&d=mm&r=g","caption":"Tobias Schorr"},"url":"https:\/\/www.vulkanologische-gesellschaft.de\/blog\/author\/tobiasschorr\/"}]}},"_links":{"self":[{"href":"https:\/\/www.vulkanologische-gesellschaft.de\/blog\/wp-json\/wp\/v2\/posts\/282","targetHints":{"allow":["GET"]}}],"collection":[{"href":"https:\/\/www.vulkanologische-gesellschaft.de\/blog\/wp-json\/wp\/v2\/posts"}],"about":[{"href":"https:\/\/www.vulkanologische-gesellschaft.de\/blog\/wp-json\/wp\/v2\/types\/post"}],"author":[{"embeddable":true,"href":"https:\/\/www.vulkanologische-gesellschaft.de\/blog\/wp-json\/wp\/v2\/users\/5"}],"replies":[{"embeddable":true,"href":"https:\/\/www.vulkanologische-gesellschaft.de\/blog\/wp-json\/wp\/v2\/comments?post=282"}],"version-history":[{"count":2,"href":"https:\/\/www.vulkanologische-gesellschaft.de\/blog\/wp-json\/wp\/v2\/posts\/282\/revisions"}],"predecessor-version":[{"id":289,"href":"https:\/\/www.vulkanologische-gesellschaft.de\/blog\/wp-json\/wp\/v2\/posts\/282\/revisions\/289"}],"wp:attachment":[{"href":"https:\/\/www.vulkanologische-gesellschaft.de\/blog\/wp-json\/wp\/v2\/media?parent=282"}],"wp:term":[{"taxonomy":"category","embeddable":true,"href":"https:\/\/www.vulkanologische-gesellschaft.de\/blog\/wp-json\/wp\/v2\/categories?post=282"},{"taxonomy":"post_tag","embeddable":true,"href":"https:\/\/www.vulkanologische-gesellschaft.de\/blog\/wp-json\/wp\/v2\/tags?post=282"}],"curies":[{"name":"wp","href":"https:\/\/api.w.org\/{rel}","templated":true}]}}