{"id":259,"date":"2015-07-23T21:04:18","date_gmt":"2015-07-23T19:04:18","guid":{"rendered":"http:\/\/blog.vulkanologische-gesellschaft.de\/?p=259"},"modified":"2018-10-27T12:13:31","modified_gmt":"2018-10-27T10:13:31","slug":"dreharbeiten-am-aetna-und-stromboli","status":"publish","type":"post","link":"https:\/\/www.vulkanologische-gesellschaft.de\/blog\/2015\/07\/23\/dreharbeiten-am-aetna-und-stromboli\/","title":{"rendered":"Dreharbeiten an den Vulkanen Italiens"},"content":{"rendered":"<p>Im Juli 2013 war ich mit einem Filmteam von \u201eTerra Mater Wissen\u201c an den sizilianischen Vulkanen unterwegs und stand zusammen mit Dr. Boris Behncke vom INGV als Protagonist vor der Kamera.<\/p>\n<p>Die Vulkane zeigten sich zwar nicht von ihrer aktivsten Seite, trotzdem war es eine sch\u00f6ne Woche, in der ich mich prima mit Boris austauschen konnte. Mit dabei war Vulkanologen-Nachwuchs Mia Heinrich, die bei Boris ein Praktikum macht. Christoph Vieth war verantwortlicher Regisseur und Gernot Reininger war f\u00fcr den guten Ton zust\u00e4ndig. Lese auch einen Kurztest zur Kamera <a title=\"Testbericht Canon C100\" href=\"http:\/\/www.24kameramann.de\/testberichte\/canon-c100.html\" target=\"_blank\" rel=\"noopener\">Canon C 100<\/a>.<\/p>\n<p>&nbsp;<\/p>\n<p>Es war meine X-te Reise zu den Vulkanen Italiens. In K\u00fcrze werde ich dorthin zur\u00fcck kehren, um dort f\u00fcr unseren Film \u00fcber <a href=\"http:\/\/www.vulkane.net\/vulkanismus\/vulkangefahren.html\" target=\"_blank\" rel=\"noopener\">Vulkangefahren<\/a> zu filmen.<\/p>\n\n\t\t<style type=\"text\/css\">\n\t\t\t#gallery-1 {\n\t\t\t\tmargin: auto;\n\t\t\t}\n\t\t\t#gallery-1 .gallery-item {\n\t\t\t\tfloat: left;\n\t\t\t\tmargin-top: 10px;\n\t\t\t\ttext-align: center;\n\t\t\t\twidth: 33%;\n\t\t\t}\n\t\t\t#gallery-1 img {\n\t\t\t\tborder: 2px solid #cfcfcf;\n\t\t\t}\n\t\t\t#gallery-1 .gallery-caption {\n\t\t\t\tmargin-left: 0;\n\t\t\t}\n\t\t\t\/* see gallery_shortcode() in wp-includes\/media.php *\/\n\t\t<\/style>\n\t\t<div id='gallery-1' class='gallery galleryid-259 gallery-columns-3 gallery-size-thumbnail'><dl class='gallery-item'>\n\t\t\t<dt class='gallery-icon landscape'>\n\t\t\t\t<a href='https:\/\/www.vulkanologische-gesellschaft.de\/blog\/wp-content\/uploads\/2015\/07\/P1030953.jpg'><img loading=\"lazy\" decoding=\"async\" width=\"150\" height=\"150\" src=\"https:\/\/www.vulkanologische-gesellschaft.de\/blog\/wp-content\/uploads\/2015\/07\/P1030953-150x150.jpg\" class=\"attachment-thumbnail size-thumbnail\" alt=\"\" srcset=\"https:\/\/www.vulkanologische-gesellschaft.de\/blog\/wp-content\/uploads\/2015\/07\/P1030953-150x150.jpg 150w, https:\/\/www.vulkanologische-gesellschaft.de\/blog\/wp-content\/uploads\/2015\/07\/P1030953-75x75.jpg 75w\" sizes=\"auto, (max-width: 150px) 100vw, 150px\" \/><\/a>\n\t\t\t<\/dt><\/dl><dl class='gallery-item'>\n\t\t\t<dt class='gallery-icon landscape'>\n\t\t\t\t<a href='https:\/\/www.vulkanologische-gesellschaft.de\/blog\/wp-content\/uploads\/2015\/07\/P1030954.jpg'><img loading=\"lazy\" decoding=\"async\" width=\"150\" height=\"150\" src=\"https:\/\/www.vulkanologische-gesellschaft.de\/blog\/wp-content\/uploads\/2015\/07\/P1030954-150x150.jpg\" class=\"attachment-thumbnail size-thumbnail\" alt=\"\" srcset=\"https:\/\/www.vulkanologische-gesellschaft.de\/blog\/wp-content\/uploads\/2015\/07\/P1030954-150x150.jpg 150w, https:\/\/www.vulkanologische-gesellschaft.de\/blog\/wp-content\/uploads\/2015\/07\/P1030954-75x75.jpg 75w\" sizes=\"auto, (max-width: 150px) 100vw, 150px\" \/><\/a>\n\t\t\t<\/dt><\/dl><dl class='gallery-item'>\n\t\t\t<dt class='gallery-icon landscape'>\n\t\t\t\t<a href='https:\/\/www.vulkanologische-gesellschaft.de\/blog\/wp-content\/uploads\/2015\/07\/P1030957.jpg'><img loading=\"lazy\" decoding=\"async\" width=\"150\" height=\"150\" src=\"https:\/\/www.vulkanologische-gesellschaft.de\/blog\/wp-content\/uploads\/2015\/07\/P1030957-150x150.jpg\" class=\"attachment-thumbnail size-thumbnail\" alt=\"\" srcset=\"https:\/\/www.vulkanologische-gesellschaft.de\/blog\/wp-content\/uploads\/2015\/07\/P1030957-150x150.jpg 150w, https:\/\/www.vulkanologische-gesellschaft.de\/blog\/wp-content\/uploads\/2015\/07\/P1030957-75x75.jpg 75w\" sizes=\"auto, (max-width: 150px) 100vw, 150px\" \/><\/a>\n\t\t\t<\/dt><\/dl><br style=\"clear: both\" \/><dl class='gallery-item'>\n\t\t\t<dt class='gallery-icon landscape'>\n\t\t\t\t<a href='https:\/\/www.vulkanologische-gesellschaft.de\/blog\/wp-content\/uploads\/2015\/07\/P1050004.jpg'><img loading=\"lazy\" decoding=\"async\" width=\"150\" height=\"150\" src=\"https:\/\/www.vulkanologische-gesellschaft.de\/blog\/wp-content\/uploads\/2015\/07\/P1050004-150x150.jpg\" class=\"attachment-thumbnail size-thumbnail\" alt=\"\" srcset=\"https:\/\/www.vulkanologische-gesellschaft.de\/blog\/wp-content\/uploads\/2015\/07\/P1050004-150x150.jpg 150w, https:\/\/www.vulkanologische-gesellschaft.de\/blog\/wp-content\/uploads\/2015\/07\/P1050004-75x75.jpg 75w\" sizes=\"auto, (max-width: 150px) 100vw, 150px\" \/><\/a>\n\t\t\t<\/dt><\/dl><dl class='gallery-item'>\n\t\t\t<dt class='gallery-icon landscape'>\n\t\t\t\t<a href='https:\/\/www.vulkanologische-gesellschaft.de\/blog\/wp-content\/uploads\/2015\/07\/P1050024.jpg'><img loading=\"lazy\" decoding=\"async\" width=\"150\" height=\"150\" src=\"https:\/\/www.vulkanologische-gesellschaft.de\/blog\/wp-content\/uploads\/2015\/07\/P1050024-150x150.jpg\" class=\"attachment-thumbnail size-thumbnail\" alt=\"\" srcset=\"https:\/\/www.vulkanologische-gesellschaft.de\/blog\/wp-content\/uploads\/2015\/07\/P1050024-150x150.jpg 150w, https:\/\/www.vulkanologische-gesellschaft.de\/blog\/wp-content\/uploads\/2015\/07\/P1050024-75x75.jpg 75w\" sizes=\"auto, (max-width: 150px) 100vw, 150px\" \/><\/a>\n\t\t\t<\/dt><\/dl><dl class='gallery-item'>\n\t\t\t<dt class='gallery-icon landscape'>\n\t\t\t\t<a href='https:\/\/www.vulkanologische-gesellschaft.de\/blog\/wp-content\/uploads\/2015\/07\/P1050026.jpg'><img loading=\"lazy\" decoding=\"async\" width=\"150\" height=\"150\" src=\"https:\/\/www.vulkanologische-gesellschaft.de\/blog\/wp-content\/uploads\/2015\/07\/P1050026-150x150.jpg\" class=\"attachment-thumbnail size-thumbnail\" alt=\"\" srcset=\"https:\/\/www.vulkanologische-gesellschaft.de\/blog\/wp-content\/uploads\/2015\/07\/P1050026-150x150.jpg 150w, https:\/\/www.vulkanologische-gesellschaft.de\/blog\/wp-content\/uploads\/2015\/07\/P1050026-75x75.jpg 75w\" sizes=\"auto, (max-width: 150px) 100vw, 150px\" \/><\/a>\n\t\t\t<\/dt><\/dl><br style=\"clear: both\" \/><dl class='gallery-item'>\n\t\t\t<dt class='gallery-icon landscape'>\n\t\t\t\t<a href='https:\/\/www.vulkanologische-gesellschaft.de\/blog\/wp-content\/uploads\/2015\/07\/P1050032.jpg'><img loading=\"lazy\" decoding=\"async\" width=\"150\" height=\"150\" src=\"https:\/\/www.vulkanologische-gesellschaft.de\/blog\/wp-content\/uploads\/2015\/07\/P1050032-150x150.jpg\" class=\"attachment-thumbnail size-thumbnail\" alt=\"\" srcset=\"https:\/\/www.vulkanologische-gesellschaft.de\/blog\/wp-content\/uploads\/2015\/07\/P1050032-150x150.jpg 150w, https:\/\/www.vulkanologische-gesellschaft.de\/blog\/wp-content\/uploads\/2015\/07\/P1050032-75x75.jpg 75w\" sizes=\"auto, (max-width: 150px) 100vw, 150px\" \/><\/a>\n\t\t\t<\/dt><\/dl><dl class='gallery-item'>\n\t\t\t<dt class='gallery-icon landscape'>\n\t\t\t\t<a href='https:\/\/www.vulkanologische-gesellschaft.de\/blog\/wp-content\/uploads\/2015\/07\/P1050040.jpg'><img loading=\"lazy\" decoding=\"async\" width=\"150\" height=\"150\" src=\"https:\/\/www.vulkanologische-gesellschaft.de\/blog\/wp-content\/uploads\/2015\/07\/P1050040-150x150.jpg\" class=\"attachment-thumbnail size-thumbnail\" alt=\"\" srcset=\"https:\/\/www.vulkanologische-gesellschaft.de\/blog\/wp-content\/uploads\/2015\/07\/P1050040-150x150.jpg 150w, https:\/\/www.vulkanologische-gesellschaft.de\/blog\/wp-content\/uploads\/2015\/07\/P1050040-75x75.jpg 75w\" sizes=\"auto, (max-width: 150px) 100vw, 150px\" \/><\/a>\n\t\t\t<\/dt><\/dl><dl class='gallery-item'>\n\t\t\t<dt class='gallery-icon landscape'>\n\t\t\t\t<a href='https:\/\/www.vulkanologische-gesellschaft.de\/blog\/wp-content\/uploads\/2015\/07\/P1030961.jpg'><img loading=\"lazy\" decoding=\"async\" width=\"150\" height=\"150\" src=\"https:\/\/www.vulkanologische-gesellschaft.de\/blog\/wp-content\/uploads\/2015\/07\/P1030961-150x150.jpg\" class=\"attachment-thumbnail size-thumbnail\" alt=\"\" srcset=\"https:\/\/www.vulkanologische-gesellschaft.de\/blog\/wp-content\/uploads\/2015\/07\/P1030961-150x150.jpg 150w, https:\/\/www.vulkanologische-gesellschaft.de\/blog\/wp-content\/uploads\/2015\/07\/P1030961-75x75.jpg 75w\" sizes=\"auto, (max-width: 150px) 100vw, 150px\" \/><\/a>\n\t\t\t<\/dt><\/dl><br style=\"clear: both\" \/><dl class='gallery-item'>\n\t\t\t<dt class='gallery-icon landscape'>\n\t\t\t\t<a href='https:\/\/www.vulkanologische-gesellschaft.de\/blog\/wp-content\/uploads\/2015\/07\/P1050055.jpg'><img loading=\"lazy\" decoding=\"async\" width=\"150\" height=\"150\" src=\"https:\/\/www.vulkanologische-gesellschaft.de\/blog\/wp-content\/uploads\/2015\/07\/P1050055-150x150.jpg\" class=\"attachment-thumbnail size-thumbnail\" alt=\"\" srcset=\"https:\/\/www.vulkanologische-gesellschaft.de\/blog\/wp-content\/uploads\/2015\/07\/P1050055-150x150.jpg 150w, https:\/\/www.vulkanologische-gesellschaft.de\/blog\/wp-content\/uploads\/2015\/07\/P1050055-75x75.jpg 75w\" sizes=\"auto, (max-width: 150px) 100vw, 150px\" \/><\/a>\n\t\t\t<\/dt><\/dl><dl class='gallery-item'>\n\t\t\t<dt class='gallery-icon landscape'>\n\t\t\t\t<a href='https:\/\/www.vulkanologische-gesellschaft.de\/blog\/wp-content\/uploads\/2015\/07\/stromboli-01.jpg'><img loading=\"lazy\" decoding=\"async\" width=\"150\" height=\"150\" src=\"https:\/\/www.vulkanologische-gesellschaft.de\/blog\/wp-content\/uploads\/2015\/07\/stromboli-01-150x150.jpg\" class=\"attachment-thumbnail size-thumbnail\" alt=\"\" srcset=\"https:\/\/www.vulkanologische-gesellschaft.de\/blog\/wp-content\/uploads\/2015\/07\/stromboli-01-150x150.jpg 150w, https:\/\/www.vulkanologische-gesellschaft.de\/blog\/wp-content\/uploads\/2015\/07\/stromboli-01-75x75.jpg 75w\" sizes=\"auto, (max-width: 150px) 100vw, 150px\" \/><\/a>\n\t\t\t<\/dt><\/dl><dl class='gallery-item'>\n\t\t\t<dt class='gallery-icon landscape'>\n\t\t\t\t<a href='https:\/\/www.vulkanologische-gesellschaft.de\/blog\/wp-content\/uploads\/2015\/07\/stromboli-04.jpg'><img loading=\"lazy\" decoding=\"async\" width=\"150\" height=\"150\" src=\"https:\/\/www.vulkanologische-gesellschaft.de\/blog\/wp-content\/uploads\/2015\/07\/stromboli-04-150x150.jpg\" class=\"attachment-thumbnail size-thumbnail\" alt=\"\" srcset=\"https:\/\/www.vulkanologische-gesellschaft.de\/blog\/wp-content\/uploads\/2015\/07\/stromboli-04-150x150.jpg 150w, https:\/\/www.vulkanologische-gesellschaft.de\/blog\/wp-content\/uploads\/2015\/07\/stromboli-04-75x75.jpg 75w\" sizes=\"auto, (max-width: 150px) 100vw, 150px\" \/><\/a>\n\t\t\t<\/dt><\/dl><br style=\"clear: both\" \/><dl class='gallery-item'>\n\t\t\t<dt class='gallery-icon landscape'>\n\t\t\t\t<a href='https:\/\/www.vulkanologische-gesellschaft.de\/blog\/wp-content\/uploads\/2015\/07\/stromboli-06.jpg'><img loading=\"lazy\" decoding=\"async\" width=\"150\" height=\"150\" src=\"https:\/\/www.vulkanologische-gesellschaft.de\/blog\/wp-content\/uploads\/2015\/07\/stromboli-06-150x150.jpg\" class=\"attachment-thumbnail size-thumbnail\" alt=\"\" srcset=\"https:\/\/www.vulkanologische-gesellschaft.de\/blog\/wp-content\/uploads\/2015\/07\/stromboli-06-150x150.jpg 150w, https:\/\/www.vulkanologische-gesellschaft.de\/blog\/wp-content\/uploads\/2015\/07\/stromboli-06-75x75.jpg 75w\" sizes=\"auto, (max-width: 150px) 100vw, 150px\" \/><\/a>\n\t\t\t<\/dt><\/dl><dl class='gallery-item'>\n\t\t\t<dt class='gallery-icon landscape'>\n\t\t\t\t<a href='https:\/\/www.vulkanologische-gesellschaft.de\/blog\/wp-content\/uploads\/2015\/07\/stromboli-07.jpg'><img loading=\"lazy\" decoding=\"async\" width=\"150\" height=\"150\" src=\"https:\/\/www.vulkanologische-gesellschaft.de\/blog\/wp-content\/uploads\/2015\/07\/stromboli-07-150x150.jpg\" class=\"attachment-thumbnail size-thumbnail\" alt=\"\" srcset=\"https:\/\/www.vulkanologische-gesellschaft.de\/blog\/wp-content\/uploads\/2015\/07\/stromboli-07-150x150.jpg 150w, https:\/\/www.vulkanologische-gesellschaft.de\/blog\/wp-content\/uploads\/2015\/07\/stromboli-07-75x75.jpg 75w\" sizes=\"auto, (max-width: 150px) 100vw, 150px\" \/><\/a>\n\t\t\t<\/dt><\/dl><dl class='gallery-item'>\n\t\t\t<dt class='gallery-icon landscape'>\n\t\t\t\t<a href='https:\/\/www.vulkanologische-gesellschaft.de\/blog\/wp-content\/uploads\/2015\/07\/stromboli-08.jpg'><img loading=\"lazy\" decoding=\"async\" width=\"150\" height=\"150\" src=\"https:\/\/www.vulkanologische-gesellschaft.de\/blog\/wp-content\/uploads\/2015\/07\/stromboli-08-150x150.jpg\" class=\"attachment-thumbnail size-thumbnail\" alt=\"\" srcset=\"https:\/\/www.vulkanologische-gesellschaft.de\/blog\/wp-content\/uploads\/2015\/07\/stromboli-08-150x150.jpg 150w, https:\/\/www.vulkanologische-gesellschaft.de\/blog\/wp-content\/uploads\/2015\/07\/stromboli-08-75x75.jpg 75w\" sizes=\"auto, (max-width: 150px) 100vw, 150px\" \/><\/a>\n\t\t\t<\/dt><\/dl><br style=\"clear: both\" \/><dl class='gallery-item'>\n\t\t\t<dt class='gallery-icon landscape'>\n\t\t\t\t<a href='https:\/\/www.vulkanologische-gesellschaft.de\/blog\/wp-content\/uploads\/2015\/07\/P1050075.jpg'><img loading=\"lazy\" decoding=\"async\" width=\"150\" height=\"150\" src=\"https:\/\/www.vulkanologische-gesellschaft.de\/blog\/wp-content\/uploads\/2015\/07\/P1050075-150x150.jpg\" class=\"attachment-thumbnail size-thumbnail\" alt=\"\" srcset=\"https:\/\/www.vulkanologische-gesellschaft.de\/blog\/wp-content\/uploads\/2015\/07\/P1050075-150x150.jpg 150w, https:\/\/www.vulkanologische-gesellschaft.de\/blog\/wp-content\/uploads\/2015\/07\/P1050075-75x75.jpg 75w\" sizes=\"auto, (max-width: 150px) 100vw, 150px\" \/><\/a>\n\t\t\t<\/dt><\/dl><dl class='gallery-item'>\n\t\t\t<dt class='gallery-icon landscape'>\n\t\t\t\t<a href='https:\/\/www.vulkanologische-gesellschaft.de\/blog\/wp-content\/uploads\/2015\/07\/stromboli-11.jpg'><img loading=\"lazy\" decoding=\"async\" width=\"150\" height=\"150\" src=\"https:\/\/www.vulkanologische-gesellschaft.de\/blog\/wp-content\/uploads\/2015\/07\/stromboli-11-150x150.jpg\" class=\"attachment-thumbnail size-thumbnail\" alt=\"\" srcset=\"https:\/\/www.vulkanologische-gesellschaft.de\/blog\/wp-content\/uploads\/2015\/07\/stromboli-11-150x150.jpg 150w, https:\/\/www.vulkanologische-gesellschaft.de\/blog\/wp-content\/uploads\/2015\/07\/stromboli-11-75x75.jpg 75w\" sizes=\"auto, (max-width: 150px) 100vw, 150px\" \/><\/a>\n\t\t\t<\/dt><\/dl><dl class='gallery-item'>\n\t\t\t<dt class='gallery-icon landscape'>\n\t\t\t\t<a href='https:\/\/www.vulkanologische-gesellschaft.de\/blog\/wp-content\/uploads\/2015\/07\/P1050111.jpg'><img loading=\"lazy\" decoding=\"async\" width=\"150\" height=\"150\" src=\"https:\/\/www.vulkanologische-gesellschaft.de\/blog\/wp-content\/uploads\/2015\/07\/P1050111-150x150.jpg\" class=\"attachment-thumbnail size-thumbnail\" alt=\"\" srcset=\"https:\/\/www.vulkanologische-gesellschaft.de\/blog\/wp-content\/uploads\/2015\/07\/P1050111-150x150.jpg 150w, https:\/\/www.vulkanologische-gesellschaft.de\/blog\/wp-content\/uploads\/2015\/07\/P1050111-75x75.jpg 75w\" sizes=\"auto, (max-width: 150px) 100vw, 150px\" \/><\/a>\n\t\t\t<\/dt><\/dl><br style=\"clear: both\" \/>\n\t\t<\/div>\n\n","protected":false},"excerpt":{"rendered":"<p>Im Juli 2013 war ich mit einem Filmteam von \u201eTerra Mater Wissen\u201c an den sizilianischen Vulkanen unterwegs und stand zusammen mit Dr. Boris Behncke vom INGV als Protagonist vor der Kamera. Die Vulkane zeigten sich zwar nicht von ihrer aktivsten Seite, trotzdem war es eine sch\u00f6ne Woche, in der ich mich prima mit Boris austauschen&hellip;<\/p>\n","protected":false},"author":1,"featured_media":263,"comment_status":"open","ping_status":"closed","sticky":false,"template":"","format":"standard","meta":{"footnotes":""},"categories":[46],"tags":[76,80,78,77,79],"class_list":["post-259","post","type-post","status-publish","format-standard","has-post-thumbnail","hentry","category-vulkanauten","tag-aetna","tag-boris-behncke","tag-dreharbeiten","tag-vulkane-italiens","tag-vulkangefahren"],"yoast_head":"<!-- This site is optimized with the Yoast SEO plugin v27.2 - https:\/\/yoast.com\/product\/yoast-seo-wordpress\/ -->\n<title>Dreharbeiten an den Vulkanen Italiens - Vulkanologische Gesellschaft<\/title>\n<meta name=\"robots\" content=\"index, follow, max-snippet:-1, max-image-preview:large, max-video-preview:-1\" \/>\n<link rel=\"canonical\" href=\"https:\/\/www.vulkanologische-gesellschaft.de\/blog\/2015\/07\/23\/dreharbeiten-am-aetna-und-stromboli\/\" \/>\n<meta property=\"og:locale\" content=\"de_DE\" \/>\n<meta property=\"og:type\" content=\"article\" \/>\n<meta property=\"og:title\" content=\"Dreharbeiten an den Vulkanen Italiens - Vulkanologische Gesellschaft\" \/>\n<meta property=\"og:description\" content=\"Im Juli 2013 war ich mit einem Filmteam von \u201eTerra Mater Wissen\u201c an den sizilianischen Vulkanen unterwegs und stand zusammen mit Dr. Boris Behncke vom INGV als Protagonist vor der Kamera. Die Vulkane zeigten sich zwar nicht von ihrer aktivsten Seite, trotzdem war es eine sch\u00f6ne Woche, in der ich mich prima mit Boris austauschen&hellip;\" \/>\n<meta property=\"og:url\" content=\"https:\/\/www.vulkanologische-gesellschaft.de\/blog\/2015\/07\/23\/dreharbeiten-am-aetna-und-stromboli\/\" \/>\n<meta property=\"og:site_name\" content=\"Vulkanologische Gesellschaft\" \/>\n<meta property=\"article:publisher\" content=\"https:\/\/www.facebook.com\/profile.php?id=100076365217120\" \/>\n<meta property=\"article:published_time\" content=\"2015-07-23T19:04:18+00:00\" \/>\n<meta property=\"article:modified_time\" content=\"2018-10-27T10:13:31+00:00\" \/>\n<meta property=\"og:image\" content=\"https:\/\/www.vulkanologische-gesellschaft.de\/blog\/wp-content\/uploads\/2015\/07\/P1030982-1.jpg\" \/>\n\t<meta property=\"og:image:width\" content=\"750\" \/>\n\t<meta property=\"og:image:height\" content=\"501\" \/>\n\t<meta property=\"og:image:type\" content=\"image\/jpeg\" \/>\n<meta name=\"author\" content=\"Marc Szeglat\" \/>\n<meta name=\"twitter:card\" content=\"summary_large_image\" \/>\n<meta name=\"twitter:label1\" content=\"Verfasst von\" \/>\n\t<meta name=\"twitter:data1\" content=\"Marc Szeglat\" \/>\n\t<meta name=\"twitter:label2\" content=\"Gesch\u00e4tzte Lesezeit\" \/>\n\t<meta name=\"twitter:data2\" content=\"1\u00a0Minute\" \/>\n<script type=\"application\/ld+json\" class=\"yoast-schema-graph\">{\"@context\":\"https:\/\/schema.org\",\"@graph\":[{\"@type\":\"Article\",\"@id\":\"https:\/\/www.vulkanologische-gesellschaft.de\/blog\/2015\/07\/23\/dreharbeiten-am-aetna-und-stromboli\/#article\",\"isPartOf\":{\"@id\":\"https:\/\/www.vulkanologische-gesellschaft.de\/blog\/2015\/07\/23\/dreharbeiten-am-aetna-und-stromboli\/\"},\"author\":{\"name\":\"Marc Szeglat\",\"@id\":\"https:\/\/www.vulkanologische-gesellschaft.de\/blog\/#\/schema\/person\/f023125bd99560872650a08cf7b93ebb\"},\"headline\":\"Dreharbeiten an den Vulkanen Italiens\",\"datePublished\":\"2015-07-23T19:04:18+00:00\",\"dateModified\":\"2018-10-27T10:13:31+00:00\",\"mainEntityOfPage\":{\"@id\":\"https:\/\/www.vulkanologische-gesellschaft.de\/blog\/2015\/07\/23\/dreharbeiten-am-aetna-und-stromboli\/\"},\"wordCount\":130,\"commentCount\":0,\"publisher\":{\"@id\":\"https:\/\/www.vulkanologische-gesellschaft.de\/blog\/#organization\"},\"image\":{\"@id\":\"https:\/\/www.vulkanologische-gesellschaft.de\/blog\/2015\/07\/23\/dreharbeiten-am-aetna-und-stromboli\/#primaryimage\"},\"thumbnailUrl\":\"https:\/\/www.vulkanologische-gesellschaft.de\/blog\/wp-content\/uploads\/2015\/07\/P1030982-1.jpg\",\"keywords\":[\"\u00c4tna\",\"Boris Behncke\",\"Dreharbeiten\",\"Vulkane Italiens\",\"Vulkangefahren\"],\"articleSection\":[\"Vulkanauten\"],\"inLanguage\":\"de\",\"potentialAction\":[{\"@type\":\"CommentAction\",\"name\":\"Comment\",\"target\":[\"https:\/\/www.vulkanologische-gesellschaft.de\/blog\/2015\/07\/23\/dreharbeiten-am-aetna-und-stromboli\/#respond\"]}]},{\"@type\":\"WebPage\",\"@id\":\"https:\/\/www.vulkanologische-gesellschaft.de\/blog\/2015\/07\/23\/dreharbeiten-am-aetna-und-stromboli\/\",\"url\":\"https:\/\/www.vulkanologische-gesellschaft.de\/blog\/2015\/07\/23\/dreharbeiten-am-aetna-und-stromboli\/\",\"name\":\"Dreharbeiten an den Vulkanen Italiens - Vulkanologische Gesellschaft\",\"isPartOf\":{\"@id\":\"https:\/\/www.vulkanologische-gesellschaft.de\/blog\/#website\"},\"primaryImageOfPage\":{\"@id\":\"https:\/\/www.vulkanologische-gesellschaft.de\/blog\/2015\/07\/23\/dreharbeiten-am-aetna-und-stromboli\/#primaryimage\"},\"image\":{\"@id\":\"https:\/\/www.vulkanologische-gesellschaft.de\/blog\/2015\/07\/23\/dreharbeiten-am-aetna-und-stromboli\/#primaryimage\"},\"thumbnailUrl\":\"https:\/\/www.vulkanologische-gesellschaft.de\/blog\/wp-content\/uploads\/2015\/07\/P1030982-1.jpg\",\"datePublished\":\"2015-07-23T19:04:18+00:00\",\"dateModified\":\"2018-10-27T10:13:31+00:00\",\"breadcrumb\":{\"@id\":\"https:\/\/www.vulkanologische-gesellschaft.de\/blog\/2015\/07\/23\/dreharbeiten-am-aetna-und-stromboli\/#breadcrumb\"},\"inLanguage\":\"de\",\"potentialAction\":[{\"@type\":\"ReadAction\",\"target\":[\"https:\/\/www.vulkanologische-gesellschaft.de\/blog\/2015\/07\/23\/dreharbeiten-am-aetna-und-stromboli\/\"]}]},{\"@type\":\"ImageObject\",\"inLanguage\":\"de\",\"@id\":\"https:\/\/www.vulkanologische-gesellschaft.de\/blog\/2015\/07\/23\/dreharbeiten-am-aetna-und-stromboli\/#primaryimage\",\"url\":\"https:\/\/www.vulkanologische-gesellschaft.de\/blog\/wp-content\/uploads\/2015\/07\/P1030982-1.jpg\",\"contentUrl\":\"https:\/\/www.vulkanologische-gesellschaft.de\/blog\/wp-content\/uploads\/2015\/07\/P1030982-1.jpg\",\"width\":750,\"height\":501},{\"@type\":\"BreadcrumbList\",\"@id\":\"https:\/\/www.vulkanologische-gesellschaft.de\/blog\/2015\/07\/23\/dreharbeiten-am-aetna-und-stromboli\/#breadcrumb\",\"itemListElement\":[{\"@type\":\"ListItem\",\"position\":1,\"name\":\"Startseite\",\"item\":\"https:\/\/www.vulkanologische-gesellschaft.de\/blog\/\"},{\"@type\":\"ListItem\",\"position\":2,\"name\":\"Dreharbeiten an den Vulkanen Italiens\"}]},{\"@type\":\"WebSite\",\"@id\":\"https:\/\/www.vulkanologische-gesellschaft.de\/blog\/#website\",\"url\":\"https:\/\/www.vulkanologische-gesellschaft.de\/blog\/\",\"name\":\"Vulkanologische Gesellschaft\",\"description\":\"Gesellschaft f\u00fcr internationale Vulkanerkundung\",\"publisher\":{\"@id\":\"https:\/\/www.vulkanologische-gesellschaft.de\/blog\/#organization\"},\"potentialAction\":[{\"@type\":\"SearchAction\",\"target\":{\"@type\":\"EntryPoint\",\"urlTemplate\":\"https:\/\/www.vulkanologische-gesellschaft.de\/blog\/?s={search_term_string}\"},\"query-input\":{\"@type\":\"PropertyValueSpecification\",\"valueRequired\":true,\"valueName\":\"search_term_string\"}}],\"inLanguage\":\"de\"},{\"@type\":\"Organization\",\"@id\":\"https:\/\/www.vulkanologische-gesellschaft.de\/blog\/#organization\",\"name\":\"Vulkanologische Gesellschaft e.V\",\"url\":\"https:\/\/www.vulkanologische-gesellschaft.de\/blog\/\",\"logo\":{\"@type\":\"ImageObject\",\"inLanguage\":\"de\",\"@id\":\"https:\/\/www.vulkanologische-gesellschaft.de\/blog\/#\/schema\/logo\/image\/\",\"url\":\"https:\/\/www.vulkanologische-gesellschaft.de\/blog\/wp-content\/uploads\/2015\/07\/logo-klein.jpg\",\"contentUrl\":\"https:\/\/www.vulkanologische-gesellschaft.de\/blog\/wp-content\/uploads\/2015\/07\/logo-klein.jpg\",\"width\":140,\"height\":139,\"caption\":\"Vulkanologische Gesellschaft e.V\"},\"image\":{\"@id\":\"https:\/\/www.vulkanologische-gesellschaft.de\/blog\/#\/schema\/logo\/image\/\"},\"sameAs\":[\"https:\/\/www.facebook.com\/profile.php?id=100076365217120\"]},{\"@type\":\"Person\",\"@id\":\"https:\/\/www.vulkanologische-gesellschaft.de\/blog\/#\/schema\/person\/f023125bd99560872650a08cf7b93ebb\",\"name\":\"Marc Szeglat\",\"image\":{\"@type\":\"ImageObject\",\"inLanguage\":\"de\",\"@id\":\"https:\/\/secure.gravatar.com\/avatar\/7dc671db686352fad8ced8a5a725f96bf1670804154aef4a4b9181818cce225c?s=96&d=mm&r=g\",\"url\":\"https:\/\/secure.gravatar.com\/avatar\/7dc671db686352fad8ced8a5a725f96bf1670804154aef4a4b9181818cce225c?s=96&d=mm&r=g\",\"contentUrl\":\"https:\/\/secure.gravatar.com\/avatar\/7dc671db686352fad8ced8a5a725f96bf1670804154aef4a4b9181818cce225c?s=96&d=mm&r=g\",\"caption\":\"Marc Szeglat\"},\"description\":\"Marc Szeglat ist Vorstandsmitglied der Vulkanologischen Gesellschaft e.V. und bestieg 1990 seinen ersten aktiven Vulkan. Seitdem dokumentiert er hauptberuflich Vulkanausbr\u00fcche. Marc ist Autor der Seite vulkane.net.\",\"sameAs\":[\"http:\/\/www.vulkane.net\/\"],\"url\":\"https:\/\/www.vulkanologische-gesellschaft.de\/blog\/author\/marcszeglat\/\"}]}<\/script>\n<!-- \/ Yoast SEO plugin. -->","yoast_head_json":{"title":"Dreharbeiten an den Vulkanen Italiens - Vulkanologische Gesellschaft","robots":{"index":"index","follow":"follow","max-snippet":"max-snippet:-1","max-image-preview":"max-image-preview:large","max-video-preview":"max-video-preview:-1"},"canonical":"https:\/\/www.vulkanologische-gesellschaft.de\/blog\/2015\/07\/23\/dreharbeiten-am-aetna-und-stromboli\/","og_locale":"de_DE","og_type":"article","og_title":"Dreharbeiten an den Vulkanen Italiens - Vulkanologische Gesellschaft","og_description":"Im Juli 2013 war ich mit einem Filmteam von \u201eTerra Mater Wissen\u201c an den sizilianischen Vulkanen unterwegs und stand zusammen mit Dr. Boris Behncke vom INGV als Protagonist vor der Kamera. Die Vulkane zeigten sich zwar nicht von ihrer aktivsten Seite, trotzdem war es eine sch\u00f6ne Woche, in der ich mich prima mit Boris austauschen&hellip;","og_url":"https:\/\/www.vulkanologische-gesellschaft.de\/blog\/2015\/07\/23\/dreharbeiten-am-aetna-und-stromboli\/","og_site_name":"Vulkanologische Gesellschaft","article_publisher":"https:\/\/www.facebook.com\/profile.php?id=100076365217120","article_published_time":"2015-07-23T19:04:18+00:00","article_modified_time":"2018-10-27T10:13:31+00:00","og_image":[{"width":750,"height":501,"url":"https:\/\/www.vulkanologische-gesellschaft.de\/blog\/wp-content\/uploads\/2015\/07\/P1030982-1.jpg","type":"image\/jpeg"}],"author":"Marc Szeglat","twitter_card":"summary_large_image","twitter_misc":{"Verfasst von":"Marc Szeglat","Gesch\u00e4tzte Lesezeit":"1\u00a0Minute"},"schema":{"@context":"https:\/\/schema.org","@graph":[{"@type":"Article","@id":"https:\/\/www.vulkanologische-gesellschaft.de\/blog\/2015\/07\/23\/dreharbeiten-am-aetna-und-stromboli\/#article","isPartOf":{"@id":"https:\/\/www.vulkanologische-gesellschaft.de\/blog\/2015\/07\/23\/dreharbeiten-am-aetna-und-stromboli\/"},"author":{"name":"Marc Szeglat","@id":"https:\/\/www.vulkanologische-gesellschaft.de\/blog\/#\/schema\/person\/f023125bd99560872650a08cf7b93ebb"},"headline":"Dreharbeiten an den Vulkanen Italiens","datePublished":"2015-07-23T19:04:18+00:00","dateModified":"2018-10-27T10:13:31+00:00","mainEntityOfPage":{"@id":"https:\/\/www.vulkanologische-gesellschaft.de\/blog\/2015\/07\/23\/dreharbeiten-am-aetna-und-stromboli\/"},"wordCount":130,"commentCount":0,"publisher":{"@id":"https:\/\/www.vulkanologische-gesellschaft.de\/blog\/#organization"},"image":{"@id":"https:\/\/www.vulkanologische-gesellschaft.de\/blog\/2015\/07\/23\/dreharbeiten-am-aetna-und-stromboli\/#primaryimage"},"thumbnailUrl":"https:\/\/www.vulkanologische-gesellschaft.de\/blog\/wp-content\/uploads\/2015\/07\/P1030982-1.jpg","keywords":["\u00c4tna","Boris Behncke","Dreharbeiten","Vulkane Italiens","Vulkangefahren"],"articleSection":["Vulkanauten"],"inLanguage":"de","potentialAction":[{"@type":"CommentAction","name":"Comment","target":["https:\/\/www.vulkanologische-gesellschaft.de\/blog\/2015\/07\/23\/dreharbeiten-am-aetna-und-stromboli\/#respond"]}]},{"@type":"WebPage","@id":"https:\/\/www.vulkanologische-gesellschaft.de\/blog\/2015\/07\/23\/dreharbeiten-am-aetna-und-stromboli\/","url":"https:\/\/www.vulkanologische-gesellschaft.de\/blog\/2015\/07\/23\/dreharbeiten-am-aetna-und-stromboli\/","name":"Dreharbeiten an den Vulkanen Italiens - Vulkanologische Gesellschaft","isPartOf":{"@id":"https:\/\/www.vulkanologische-gesellschaft.de\/blog\/#website"},"primaryImageOfPage":{"@id":"https:\/\/www.vulkanologische-gesellschaft.de\/blog\/2015\/07\/23\/dreharbeiten-am-aetna-und-stromboli\/#primaryimage"},"image":{"@id":"https:\/\/www.vulkanologische-gesellschaft.de\/blog\/2015\/07\/23\/dreharbeiten-am-aetna-und-stromboli\/#primaryimage"},"thumbnailUrl":"https:\/\/www.vulkanologische-gesellschaft.de\/blog\/wp-content\/uploads\/2015\/07\/P1030982-1.jpg","datePublished":"2015-07-23T19:04:18+00:00","dateModified":"2018-10-27T10:13:31+00:00","breadcrumb":{"@id":"https:\/\/www.vulkanologische-gesellschaft.de\/blog\/2015\/07\/23\/dreharbeiten-am-aetna-und-stromboli\/#breadcrumb"},"inLanguage":"de","potentialAction":[{"@type":"ReadAction","target":["https:\/\/www.vulkanologische-gesellschaft.de\/blog\/2015\/07\/23\/dreharbeiten-am-aetna-und-stromboli\/"]}]},{"@type":"ImageObject","inLanguage":"de","@id":"https:\/\/www.vulkanologische-gesellschaft.de\/blog\/2015\/07\/23\/dreharbeiten-am-aetna-und-stromboli\/#primaryimage","url":"https:\/\/www.vulkanologische-gesellschaft.de\/blog\/wp-content\/uploads\/2015\/07\/P1030982-1.jpg","contentUrl":"https:\/\/www.vulkanologische-gesellschaft.de\/blog\/wp-content\/uploads\/2015\/07\/P1030982-1.jpg","width":750,"height":501},{"@type":"BreadcrumbList","@id":"https:\/\/www.vulkanologische-gesellschaft.de\/blog\/2015\/07\/23\/dreharbeiten-am-aetna-und-stromboli\/#breadcrumb","itemListElement":[{"@type":"ListItem","position":1,"name":"Startseite","item":"https:\/\/www.vulkanologische-gesellschaft.de\/blog\/"},{"@type":"ListItem","position":2,"name":"Dreharbeiten an den Vulkanen Italiens"}]},{"@type":"WebSite","@id":"https:\/\/www.vulkanologische-gesellschaft.de\/blog\/#website","url":"https:\/\/www.vulkanologische-gesellschaft.de\/blog\/","name":"Vulkanologische Gesellschaft","description":"Gesellschaft f\u00fcr internationale Vulkanerkundung","publisher":{"@id":"https:\/\/www.vulkanologische-gesellschaft.de\/blog\/#organization"},"potentialAction":[{"@type":"SearchAction","target":{"@type":"EntryPoint","urlTemplate":"https:\/\/www.vulkanologische-gesellschaft.de\/blog\/?s={search_term_string}"},"query-input":{"@type":"PropertyValueSpecification","valueRequired":true,"valueName":"search_term_string"}}],"inLanguage":"de"},{"@type":"Organization","@id":"https:\/\/www.vulkanologische-gesellschaft.de\/blog\/#organization","name":"Vulkanologische Gesellschaft e.V","url":"https:\/\/www.vulkanologische-gesellschaft.de\/blog\/","logo":{"@type":"ImageObject","inLanguage":"de","@id":"https:\/\/www.vulkanologische-gesellschaft.de\/blog\/#\/schema\/logo\/image\/","url":"https:\/\/www.vulkanologische-gesellschaft.de\/blog\/wp-content\/uploads\/2015\/07\/logo-klein.jpg","contentUrl":"https:\/\/www.vulkanologische-gesellschaft.de\/blog\/wp-content\/uploads\/2015\/07\/logo-klein.jpg","width":140,"height":139,"caption":"Vulkanologische Gesellschaft e.V"},"image":{"@id":"https:\/\/www.vulkanologische-gesellschaft.de\/blog\/#\/schema\/logo\/image\/"},"sameAs":["https:\/\/www.facebook.com\/profile.php?id=100076365217120"]},{"@type":"Person","@id":"https:\/\/www.vulkanologische-gesellschaft.de\/blog\/#\/schema\/person\/f023125bd99560872650a08cf7b93ebb","name":"Marc Szeglat","image":{"@type":"ImageObject","inLanguage":"de","@id":"https:\/\/secure.gravatar.com\/avatar\/7dc671db686352fad8ced8a5a725f96bf1670804154aef4a4b9181818cce225c?s=96&d=mm&r=g","url":"https:\/\/secure.gravatar.com\/avatar\/7dc671db686352fad8ced8a5a725f96bf1670804154aef4a4b9181818cce225c?s=96&d=mm&r=g","contentUrl":"https:\/\/secure.gravatar.com\/avatar\/7dc671db686352fad8ced8a5a725f96bf1670804154aef4a4b9181818cce225c?s=96&d=mm&r=g","caption":"Marc Szeglat"},"description":"Marc Szeglat ist Vorstandsmitglied der Vulkanologischen Gesellschaft e.V. und bestieg 1990 seinen ersten aktiven Vulkan. Seitdem dokumentiert er hauptberuflich Vulkanausbr\u00fcche. Marc ist Autor der Seite vulkane.net.","sameAs":["http:\/\/www.vulkane.net\/"],"url":"https:\/\/www.vulkanologische-gesellschaft.de\/blog\/author\/marcszeglat\/"}]}},"_links":{"self":[{"href":"https:\/\/www.vulkanologische-gesellschaft.de\/blog\/wp-json\/wp\/v2\/posts\/259","targetHints":{"allow":["GET"]}}],"collection":[{"href":"https:\/\/www.vulkanologische-gesellschaft.de\/blog\/wp-json\/wp\/v2\/posts"}],"about":[{"href":"https:\/\/www.vulkanologische-gesellschaft.de\/blog\/wp-json\/wp\/v2\/types\/post"}],"author":[{"embeddable":true,"href":"https:\/\/www.vulkanologische-gesellschaft.de\/blog\/wp-json\/wp\/v2\/users\/1"}],"replies":[{"embeddable":true,"href":"https:\/\/www.vulkanologische-gesellschaft.de\/blog\/wp-json\/wp\/v2\/comments?post=259"}],"version-history":[{"count":9,"href":"https:\/\/www.vulkanologische-gesellschaft.de\/blog\/wp-json\/wp\/v2\/posts\/259\/revisions"}],"predecessor-version":[{"id":537,"href":"https:\/\/www.vulkanologische-gesellschaft.de\/blog\/wp-json\/wp\/v2\/posts\/259\/revisions\/537"}],"wp:featuredmedia":[{"embeddable":true,"href":"https:\/\/www.vulkanologische-gesellschaft.de\/blog\/wp-json\/wp\/v2\/media\/263"}],"wp:attachment":[{"href":"https:\/\/www.vulkanologische-gesellschaft.de\/blog\/wp-json\/wp\/v2\/media?parent=259"}],"wp:term":[{"taxonomy":"category","embeddable":true,"href":"https:\/\/www.vulkanologische-gesellschaft.de\/blog\/wp-json\/wp\/v2\/categories?post=259"},{"taxonomy":"post_tag","embeddable":true,"href":"https:\/\/www.vulkanologische-gesellschaft.de\/blog\/wp-json\/wp\/v2\/tags?post=259"}],"curies":[{"name":"wp","href":"https:\/\/api.w.org\/{rel}","templated":true}]}}