{"id":251,"date":"2016-07-04T21:26:04","date_gmt":"2016-07-04T19:26:04","guid":{"rendered":"http:\/\/blog.vulkanologische-gesellschaft.de\/?p=251"},"modified":"2017-02-11T17:31:24","modified_gmt":"2017-02-11T16:31:24","slug":"vernisage-und-vortrag","status":"publish","type":"post","link":"https:\/\/www.vulkanologische-gesellschaft.de\/blog\/2016\/07\/04\/vernisage-und-vortrag\/","title":{"rendered":"Vernissage und Vortrag"},"content":{"rendered":"<p><a href=\"https:\/\/vulkanologische-gesellschaft.de\/blog\/wp-content\/uploads\/2016\/07\/Szeglat_Dr_Prietzel.jpg\"><img loading=\"lazy\" decoding=\"async\" class=\"aligncenter wp-image-252 size-full\" src=\"https:\/\/vulkanologische-gesellschaft.de\/blog\/wp-content\/uploads\/2016\/07\/Szeglat_Dr_Prietzel.jpg\" alt=\"Dr. Prietzel und Marc Szeglat vor einem Vulkanbild.\" width=\"949\" height=\"633\" srcset=\"https:\/\/www.vulkanologische-gesellschaft.de\/blog\/wp-content\/uploads\/2016\/07\/Szeglat_Dr_Prietzel.jpg 949w, https:\/\/www.vulkanologische-gesellschaft.de\/blog\/wp-content\/uploads\/2016\/07\/Szeglat_Dr_Prietzel-300x200.jpg 300w, https:\/\/www.vulkanologische-gesellschaft.de\/blog\/wp-content\/uploads\/2016\/07\/Szeglat_Dr_Prietzel-768x512.jpg 768w, https:\/\/www.vulkanologische-gesellschaft.de\/blog\/wp-content\/uploads\/2016\/07\/Szeglat_Dr_Prietzel-700x467.jpg 700w, https:\/\/www.vulkanologische-gesellschaft.de\/blog\/wp-content\/uploads\/2016\/07\/Szeglat_Dr_Prietzel-800x534.jpg 800w\" sizes=\"auto, (max-width: 949px) 100vw, 949px\" \/><\/a>Am 06.07.2016 h\u00e4lt unser Vorstandsvorsitzender Marc Szeglat einen Vortrag &#8222;Faszination Vulkane&#8220; in der\u00a0Heliosklink Blankenhein. Der Vortrag findet unter der Schirmherrschaft der VG statt. Seine Protagonisten sind Vereinsmitglieder.<\/p>\n<p>Marc wurde vom Chefarzt Dr. Thorsten Prietzel eingeladen, der selbst begeisterter Vulkanaut ist und die Vulkane Italiens bestieg. Im Anschluss des Vortrages findet eine kleine Vernissage zur Er\u00f6ffnung der Bildausstellung statt. Die Vulkanbilder zieren die W\u00e4nde der Orthop\u00e4die im 1. Stock.<\/p>\n","protected":false},"excerpt":{"rendered":"<p>Am 06.07.2016 h\u00e4lt unser Vorstandsvorsitzender Marc Szeglat einen Vortrag &#8222;Faszination Vulkane&#8220; in der\u00a0Heliosklink Blankenhein. Der Vortrag findet unter der Schirmherrschaft der VG statt. Seine Protagonisten sind Vereinsmitglieder. Marc wurde vom Chefarzt Dr. Thorsten Prietzel eingeladen, der selbst begeisterter Vulkanaut ist und die Vulkane Italiens bestieg. Im Anschluss des Vortrages findet eine kleine Vernissage zur Er\u00f6ffnung&hellip;<\/p>\n","protected":false},"author":1,"featured_media":0,"comment_status":"open","ping_status":"closed","sticky":false,"template":"","format":"standard","meta":{"footnotes":""},"categories":[5],"tags":[74,73,72,34,75],"class_list":["post-251","post","type-post","status-publish","format-standard","hentry","category-verein","tag-ausstellung","tag-blankenhein","tag-vernissage","tag-vortrag","tag-vulkanbilder"],"yoast_head":"<!-- This site is optimized with the Yoast SEO plugin v27.2 - https:\/\/yoast.com\/product\/yoast-seo-wordpress\/ -->\n<title>Vernissage und Vortrag - Vulkanologische Gesellschaft<\/title>\n<meta name=\"robots\" content=\"index, follow, max-snippet:-1, max-image-preview:large, max-video-preview:-1\" \/>\n<link rel=\"canonical\" href=\"https:\/\/www.vulkanologische-gesellschaft.de\/blog\/2016\/07\/04\/vernisage-und-vortrag\/\" \/>\n<meta property=\"og:locale\" content=\"de_DE\" \/>\n<meta property=\"og:type\" content=\"article\" \/>\n<meta property=\"og:title\" content=\"Vernissage und Vortrag - Vulkanologische Gesellschaft\" \/>\n<meta property=\"og:description\" content=\"Am 06.07.2016 h\u00e4lt unser Vorstandsvorsitzender Marc Szeglat einen Vortrag &#8222;Faszination Vulkane&#8220; in der\u00a0Heliosklink Blankenhein. Der Vortrag findet unter der Schirmherrschaft der VG statt. Seine Protagonisten sind Vereinsmitglieder. Marc wurde vom Chefarzt Dr. Thorsten Prietzel eingeladen, der selbst begeisterter Vulkanaut ist und die Vulkane Italiens bestieg. Im Anschluss des Vortrages findet eine kleine Vernissage zur Er\u00f6ffnung&hellip;\" \/>\n<meta property=\"og:url\" content=\"https:\/\/www.vulkanologische-gesellschaft.de\/blog\/2016\/07\/04\/vernisage-und-vortrag\/\" \/>\n<meta property=\"og:site_name\" content=\"Vulkanologische Gesellschaft\" \/>\n<meta property=\"article:publisher\" content=\"https:\/\/www.facebook.com\/profile.php?id=100076365217120\" \/>\n<meta property=\"article:published_time\" content=\"2016-07-04T19:26:04+00:00\" \/>\n<meta property=\"article:modified_time\" content=\"2017-02-11T16:31:24+00:00\" \/>\n<meta property=\"og:image\" content=\"https:\/\/www.vulkanologische-gesellschaft.de\/blog\/wp-content\/uploads\/2016\/07\/Szeglat_Dr_Prietzel.jpg\" \/>\n\t<meta property=\"og:image:width\" content=\"949\" \/>\n\t<meta property=\"og:image:height\" content=\"633\" \/>\n\t<meta property=\"og:image:type\" content=\"image\/jpeg\" \/>\n<meta name=\"author\" content=\"Marc Szeglat\" \/>\n<meta name=\"twitter:card\" content=\"summary_large_image\" \/>\n<meta name=\"twitter:label1\" content=\"Verfasst von\" \/>\n\t<meta name=\"twitter:data1\" content=\"Marc Szeglat\" \/>\n<script type=\"application\/ld+json\" class=\"yoast-schema-graph\">{\"@context\":\"https:\/\/schema.org\",\"@graph\":[{\"@type\":\"Article\",\"@id\":\"https:\/\/www.vulkanologische-gesellschaft.de\/blog\/2016\/07\/04\/vernisage-und-vortrag\/#article\",\"isPartOf\":{\"@id\":\"https:\/\/www.vulkanologische-gesellschaft.de\/blog\/2016\/07\/04\/vernisage-und-vortrag\/\"},\"author\":{\"name\":\"Marc Szeglat\",\"@id\":\"https:\/\/www.vulkanologische-gesellschaft.de\/blog\/#\/schema\/person\/f023125bd99560872650a08cf7b93ebb\"},\"headline\":\"Vernissage und Vortrag\",\"datePublished\":\"2016-07-04T19:26:04+00:00\",\"dateModified\":\"2017-02-11T16:31:24+00:00\",\"mainEntityOfPage\":{\"@id\":\"https:\/\/www.vulkanologische-gesellschaft.de\/blog\/2016\/07\/04\/vernisage-und-vortrag\/\"},\"wordCount\":74,\"commentCount\":0,\"publisher\":{\"@id\":\"https:\/\/www.vulkanologische-gesellschaft.de\/blog\/#organization\"},\"image\":{\"@id\":\"https:\/\/www.vulkanologische-gesellschaft.de\/blog\/2016\/07\/04\/vernisage-und-vortrag\/#primaryimage\"},\"thumbnailUrl\":\"https:\/\/vulkanologische-gesellschaft.de\/blog\/wp-content\/uploads\/2016\/07\/Szeglat_Dr_Prietzel.jpg\",\"keywords\":[\"Ausstellung\",\"Blankenhein\",\"Vernissage\",\"Vortrag\",\"Vulkanbilder\"],\"articleSection\":[\"Verein\"],\"inLanguage\":\"de\",\"potentialAction\":[{\"@type\":\"CommentAction\",\"name\":\"Comment\",\"target\":[\"https:\/\/www.vulkanologische-gesellschaft.de\/blog\/2016\/07\/04\/vernisage-und-vortrag\/#respond\"]}]},{\"@type\":\"WebPage\",\"@id\":\"https:\/\/www.vulkanologische-gesellschaft.de\/blog\/2016\/07\/04\/vernisage-und-vortrag\/\",\"url\":\"https:\/\/www.vulkanologische-gesellschaft.de\/blog\/2016\/07\/04\/vernisage-und-vortrag\/\",\"name\":\"Vernissage und Vortrag - Vulkanologische Gesellschaft\",\"isPartOf\":{\"@id\":\"https:\/\/www.vulkanologische-gesellschaft.de\/blog\/#website\"},\"primaryImageOfPage\":{\"@id\":\"https:\/\/www.vulkanologische-gesellschaft.de\/blog\/2016\/07\/04\/vernisage-und-vortrag\/#primaryimage\"},\"image\":{\"@id\":\"https:\/\/www.vulkanologische-gesellschaft.de\/blog\/2016\/07\/04\/vernisage-und-vortrag\/#primaryimage\"},\"thumbnailUrl\":\"https:\/\/vulkanologische-gesellschaft.de\/blog\/wp-content\/uploads\/2016\/07\/Szeglat_Dr_Prietzel.jpg\",\"datePublished\":\"2016-07-04T19:26:04+00:00\",\"dateModified\":\"2017-02-11T16:31:24+00:00\",\"breadcrumb\":{\"@id\":\"https:\/\/www.vulkanologische-gesellschaft.de\/blog\/2016\/07\/04\/vernisage-und-vortrag\/#breadcrumb\"},\"inLanguage\":\"de\",\"potentialAction\":[{\"@type\":\"ReadAction\",\"target\":[\"https:\/\/www.vulkanologische-gesellschaft.de\/blog\/2016\/07\/04\/vernisage-und-vortrag\/\"]}]},{\"@type\":\"ImageObject\",\"inLanguage\":\"de\",\"@id\":\"https:\/\/www.vulkanologische-gesellschaft.de\/blog\/2016\/07\/04\/vernisage-und-vortrag\/#primaryimage\",\"url\":\"https:\/\/vulkanologische-gesellschaft.de\/blog\/wp-content\/uploads\/2016\/07\/Szeglat_Dr_Prietzel.jpg\",\"contentUrl\":\"https:\/\/vulkanologische-gesellschaft.de\/blog\/wp-content\/uploads\/2016\/07\/Szeglat_Dr_Prietzel.jpg\"},{\"@type\":\"BreadcrumbList\",\"@id\":\"https:\/\/www.vulkanologische-gesellschaft.de\/blog\/2016\/07\/04\/vernisage-und-vortrag\/#breadcrumb\",\"itemListElement\":[{\"@type\":\"ListItem\",\"position\":1,\"name\":\"Startseite\",\"item\":\"https:\/\/www.vulkanologische-gesellschaft.de\/blog\/\"},{\"@type\":\"ListItem\",\"position\":2,\"name\":\"Vernissage und Vortrag\"}]},{\"@type\":\"WebSite\",\"@id\":\"https:\/\/www.vulkanologische-gesellschaft.de\/blog\/#website\",\"url\":\"https:\/\/www.vulkanologische-gesellschaft.de\/blog\/\",\"name\":\"Vulkanologische Gesellschaft\",\"description\":\"Gesellschaft f\u00fcr internationale Vulkanerkundung\",\"publisher\":{\"@id\":\"https:\/\/www.vulkanologische-gesellschaft.de\/blog\/#organization\"},\"potentialAction\":[{\"@type\":\"SearchAction\",\"target\":{\"@type\":\"EntryPoint\",\"urlTemplate\":\"https:\/\/www.vulkanologische-gesellschaft.de\/blog\/?s={search_term_string}\"},\"query-input\":{\"@type\":\"PropertyValueSpecification\",\"valueRequired\":true,\"valueName\":\"search_term_string\"}}],\"inLanguage\":\"de\"},{\"@type\":\"Organization\",\"@id\":\"https:\/\/www.vulkanologische-gesellschaft.de\/blog\/#organization\",\"name\":\"Vulkanologische Gesellschaft e.V\",\"url\":\"https:\/\/www.vulkanologische-gesellschaft.de\/blog\/\",\"logo\":{\"@type\":\"ImageObject\",\"inLanguage\":\"de\",\"@id\":\"https:\/\/www.vulkanologische-gesellschaft.de\/blog\/#\/schema\/logo\/image\/\",\"url\":\"https:\/\/www.vulkanologische-gesellschaft.de\/blog\/wp-content\/uploads\/2015\/07\/logo-klein.jpg\",\"contentUrl\":\"https:\/\/www.vulkanologische-gesellschaft.de\/blog\/wp-content\/uploads\/2015\/07\/logo-klein.jpg\",\"width\":140,\"height\":139,\"caption\":\"Vulkanologische Gesellschaft e.V\"},\"image\":{\"@id\":\"https:\/\/www.vulkanologische-gesellschaft.de\/blog\/#\/schema\/logo\/image\/\"},\"sameAs\":[\"https:\/\/www.facebook.com\/profile.php?id=100076365217120\"]},{\"@type\":\"Person\",\"@id\":\"https:\/\/www.vulkanologische-gesellschaft.de\/blog\/#\/schema\/person\/f023125bd99560872650a08cf7b93ebb\",\"name\":\"Marc Szeglat\",\"image\":{\"@type\":\"ImageObject\",\"inLanguage\":\"de\",\"@id\":\"https:\/\/secure.gravatar.com\/avatar\/7dc671db686352fad8ced8a5a725f96bf1670804154aef4a4b9181818cce225c?s=96&d=mm&r=g\",\"url\":\"https:\/\/secure.gravatar.com\/avatar\/7dc671db686352fad8ced8a5a725f96bf1670804154aef4a4b9181818cce225c?s=96&d=mm&r=g\",\"contentUrl\":\"https:\/\/secure.gravatar.com\/avatar\/7dc671db686352fad8ced8a5a725f96bf1670804154aef4a4b9181818cce225c?s=96&d=mm&r=g\",\"caption\":\"Marc Szeglat\"},\"description\":\"Marc Szeglat ist Vorstandsmitglied der Vulkanologischen Gesellschaft e.V. und bestieg 1990 seinen ersten aktiven Vulkan. Seitdem dokumentiert er hauptberuflich Vulkanausbr\u00fcche. Marc ist Autor der Seite vulkane.net.\",\"sameAs\":[\"http:\/\/www.vulkane.net\/\"],\"url\":\"https:\/\/www.vulkanologische-gesellschaft.de\/blog\/author\/marcszeglat\/\"}]}<\/script>\n<!-- \/ Yoast SEO plugin. -->","yoast_head_json":{"title":"Vernissage und Vortrag - Vulkanologische Gesellschaft","robots":{"index":"index","follow":"follow","max-snippet":"max-snippet:-1","max-image-preview":"max-image-preview:large","max-video-preview":"max-video-preview:-1"},"canonical":"https:\/\/www.vulkanologische-gesellschaft.de\/blog\/2016\/07\/04\/vernisage-und-vortrag\/","og_locale":"de_DE","og_type":"article","og_title":"Vernissage und Vortrag - Vulkanologische Gesellschaft","og_description":"Am 06.07.2016 h\u00e4lt unser Vorstandsvorsitzender Marc Szeglat einen Vortrag &#8222;Faszination Vulkane&#8220; in der\u00a0Heliosklink Blankenhein. Der Vortrag findet unter der Schirmherrschaft der VG statt. Seine Protagonisten sind Vereinsmitglieder. Marc wurde vom Chefarzt Dr. Thorsten Prietzel eingeladen, der selbst begeisterter Vulkanaut ist und die Vulkane Italiens bestieg. Im Anschluss des Vortrages findet eine kleine Vernissage zur Er\u00f6ffnung&hellip;","og_url":"https:\/\/www.vulkanologische-gesellschaft.de\/blog\/2016\/07\/04\/vernisage-und-vortrag\/","og_site_name":"Vulkanologische Gesellschaft","article_publisher":"https:\/\/www.facebook.com\/profile.php?id=100076365217120","article_published_time":"2016-07-04T19:26:04+00:00","article_modified_time":"2017-02-11T16:31:24+00:00","og_image":[{"width":949,"height":633,"url":"https:\/\/www.vulkanologische-gesellschaft.de\/blog\/wp-content\/uploads\/2016\/07\/Szeglat_Dr_Prietzel.jpg","type":"image\/jpeg"}],"author":"Marc Szeglat","twitter_card":"summary_large_image","twitter_misc":{"Verfasst von":"Marc Szeglat"},"schema":{"@context":"https:\/\/schema.org","@graph":[{"@type":"Article","@id":"https:\/\/www.vulkanologische-gesellschaft.de\/blog\/2016\/07\/04\/vernisage-und-vortrag\/#article","isPartOf":{"@id":"https:\/\/www.vulkanologische-gesellschaft.de\/blog\/2016\/07\/04\/vernisage-und-vortrag\/"},"author":{"name":"Marc Szeglat","@id":"https:\/\/www.vulkanologische-gesellschaft.de\/blog\/#\/schema\/person\/f023125bd99560872650a08cf7b93ebb"},"headline":"Vernissage und Vortrag","datePublished":"2016-07-04T19:26:04+00:00","dateModified":"2017-02-11T16:31:24+00:00","mainEntityOfPage":{"@id":"https:\/\/www.vulkanologische-gesellschaft.de\/blog\/2016\/07\/04\/vernisage-und-vortrag\/"},"wordCount":74,"commentCount":0,"publisher":{"@id":"https:\/\/www.vulkanologische-gesellschaft.de\/blog\/#organization"},"image":{"@id":"https:\/\/www.vulkanologische-gesellschaft.de\/blog\/2016\/07\/04\/vernisage-und-vortrag\/#primaryimage"},"thumbnailUrl":"https:\/\/vulkanologische-gesellschaft.de\/blog\/wp-content\/uploads\/2016\/07\/Szeglat_Dr_Prietzel.jpg","keywords":["Ausstellung","Blankenhein","Vernissage","Vortrag","Vulkanbilder"],"articleSection":["Verein"],"inLanguage":"de","potentialAction":[{"@type":"CommentAction","name":"Comment","target":["https:\/\/www.vulkanologische-gesellschaft.de\/blog\/2016\/07\/04\/vernisage-und-vortrag\/#respond"]}]},{"@type":"WebPage","@id":"https:\/\/www.vulkanologische-gesellschaft.de\/blog\/2016\/07\/04\/vernisage-und-vortrag\/","url":"https:\/\/www.vulkanologische-gesellschaft.de\/blog\/2016\/07\/04\/vernisage-und-vortrag\/","name":"Vernissage und Vortrag - Vulkanologische Gesellschaft","isPartOf":{"@id":"https:\/\/www.vulkanologische-gesellschaft.de\/blog\/#website"},"primaryImageOfPage":{"@id":"https:\/\/www.vulkanologische-gesellschaft.de\/blog\/2016\/07\/04\/vernisage-und-vortrag\/#primaryimage"},"image":{"@id":"https:\/\/www.vulkanologische-gesellschaft.de\/blog\/2016\/07\/04\/vernisage-und-vortrag\/#primaryimage"},"thumbnailUrl":"https:\/\/vulkanologische-gesellschaft.de\/blog\/wp-content\/uploads\/2016\/07\/Szeglat_Dr_Prietzel.jpg","datePublished":"2016-07-04T19:26:04+00:00","dateModified":"2017-02-11T16:31:24+00:00","breadcrumb":{"@id":"https:\/\/www.vulkanologische-gesellschaft.de\/blog\/2016\/07\/04\/vernisage-und-vortrag\/#breadcrumb"},"inLanguage":"de","potentialAction":[{"@type":"ReadAction","target":["https:\/\/www.vulkanologische-gesellschaft.de\/blog\/2016\/07\/04\/vernisage-und-vortrag\/"]}]},{"@type":"ImageObject","inLanguage":"de","@id":"https:\/\/www.vulkanologische-gesellschaft.de\/blog\/2016\/07\/04\/vernisage-und-vortrag\/#primaryimage","url":"https:\/\/vulkanologische-gesellschaft.de\/blog\/wp-content\/uploads\/2016\/07\/Szeglat_Dr_Prietzel.jpg","contentUrl":"https:\/\/vulkanologische-gesellschaft.de\/blog\/wp-content\/uploads\/2016\/07\/Szeglat_Dr_Prietzel.jpg"},{"@type":"BreadcrumbList","@id":"https:\/\/www.vulkanologische-gesellschaft.de\/blog\/2016\/07\/04\/vernisage-und-vortrag\/#breadcrumb","itemListElement":[{"@type":"ListItem","position":1,"name":"Startseite","item":"https:\/\/www.vulkanologische-gesellschaft.de\/blog\/"},{"@type":"ListItem","position":2,"name":"Vernissage und Vortrag"}]},{"@type":"WebSite","@id":"https:\/\/www.vulkanologische-gesellschaft.de\/blog\/#website","url":"https:\/\/www.vulkanologische-gesellschaft.de\/blog\/","name":"Vulkanologische Gesellschaft","description":"Gesellschaft f\u00fcr internationale Vulkanerkundung","publisher":{"@id":"https:\/\/www.vulkanologische-gesellschaft.de\/blog\/#organization"},"potentialAction":[{"@type":"SearchAction","target":{"@type":"EntryPoint","urlTemplate":"https:\/\/www.vulkanologische-gesellschaft.de\/blog\/?s={search_term_string}"},"query-input":{"@type":"PropertyValueSpecification","valueRequired":true,"valueName":"search_term_string"}}],"inLanguage":"de"},{"@type":"Organization","@id":"https:\/\/www.vulkanologische-gesellschaft.de\/blog\/#organization","name":"Vulkanologische Gesellschaft e.V","url":"https:\/\/www.vulkanologische-gesellschaft.de\/blog\/","logo":{"@type":"ImageObject","inLanguage":"de","@id":"https:\/\/www.vulkanologische-gesellschaft.de\/blog\/#\/schema\/logo\/image\/","url":"https:\/\/www.vulkanologische-gesellschaft.de\/blog\/wp-content\/uploads\/2015\/07\/logo-klein.jpg","contentUrl":"https:\/\/www.vulkanologische-gesellschaft.de\/blog\/wp-content\/uploads\/2015\/07\/logo-klein.jpg","width":140,"height":139,"caption":"Vulkanologische Gesellschaft e.V"},"image":{"@id":"https:\/\/www.vulkanologische-gesellschaft.de\/blog\/#\/schema\/logo\/image\/"},"sameAs":["https:\/\/www.facebook.com\/profile.php?id=100076365217120"]},{"@type":"Person","@id":"https:\/\/www.vulkanologische-gesellschaft.de\/blog\/#\/schema\/person\/f023125bd99560872650a08cf7b93ebb","name":"Marc Szeglat","image":{"@type":"ImageObject","inLanguage":"de","@id":"https:\/\/secure.gravatar.com\/avatar\/7dc671db686352fad8ced8a5a725f96bf1670804154aef4a4b9181818cce225c?s=96&d=mm&r=g","url":"https:\/\/secure.gravatar.com\/avatar\/7dc671db686352fad8ced8a5a725f96bf1670804154aef4a4b9181818cce225c?s=96&d=mm&r=g","contentUrl":"https:\/\/secure.gravatar.com\/avatar\/7dc671db686352fad8ced8a5a725f96bf1670804154aef4a4b9181818cce225c?s=96&d=mm&r=g","caption":"Marc Szeglat"},"description":"Marc Szeglat ist Vorstandsmitglied der Vulkanologischen Gesellschaft e.V. und bestieg 1990 seinen ersten aktiven Vulkan. Seitdem dokumentiert er hauptberuflich Vulkanausbr\u00fcche. Marc ist Autor der Seite vulkane.net.","sameAs":["http:\/\/www.vulkane.net\/"],"url":"https:\/\/www.vulkanologische-gesellschaft.de\/blog\/author\/marcszeglat\/"}]}},"_links":{"self":[{"href":"https:\/\/www.vulkanologische-gesellschaft.de\/blog\/wp-json\/wp\/v2\/posts\/251","targetHints":{"allow":["GET"]}}],"collection":[{"href":"https:\/\/www.vulkanologische-gesellschaft.de\/blog\/wp-json\/wp\/v2\/posts"}],"about":[{"href":"https:\/\/www.vulkanologische-gesellschaft.de\/blog\/wp-json\/wp\/v2\/types\/post"}],"author":[{"embeddable":true,"href":"https:\/\/www.vulkanologische-gesellschaft.de\/blog\/wp-json\/wp\/v2\/users\/1"}],"replies":[{"embeddable":true,"href":"https:\/\/www.vulkanologische-gesellschaft.de\/blog\/wp-json\/wp\/v2\/comments?post=251"}],"version-history":[{"count":6,"href":"https:\/\/www.vulkanologische-gesellschaft.de\/blog\/wp-json\/wp\/v2\/posts\/251\/revisions"}],"predecessor-version":[{"id":288,"href":"https:\/\/www.vulkanologische-gesellschaft.de\/blog\/wp-json\/wp\/v2\/posts\/251\/revisions\/288"}],"wp:attachment":[{"href":"https:\/\/www.vulkanologische-gesellschaft.de\/blog\/wp-json\/wp\/v2\/media?parent=251"}],"wp:term":[{"taxonomy":"category","embeddable":true,"href":"https:\/\/www.vulkanologische-gesellschaft.de\/blog\/wp-json\/wp\/v2\/categories?post=251"},{"taxonomy":"post_tag","embeddable":true,"href":"https:\/\/www.vulkanologische-gesellschaft.de\/blog\/wp-json\/wp\/v2\/tags?post=251"}],"curies":[{"name":"wp","href":"https:\/\/api.w.org\/{rel}","templated":true}]}}