{"id":245,"date":"2016-05-09T09:55:58","date_gmt":"2016-05-09T07:55:58","guid":{"rendered":"http:\/\/blog.vulkanologische-gesellschaft.de\/?p=245"},"modified":"2016-07-23T22:52:05","modified_gmt":"2016-07-23T20:52:05","slug":"jahreshauptversammlung-2016-2","status":"publish","type":"post","link":"https:\/\/www.vulkanologische-gesellschaft.de\/blog\/2016\/05\/09\/jahreshauptversammlung-2016-2\/","title":{"rendered":"Jahreshauptversammlung 2016"},"content":{"rendered":"<p><a href=\"https:\/\/vulkanologische-gesellschaft.de\/blog\/wp-content\/uploads\/2016\/05\/eifel2016.jpg\"><img loading=\"lazy\" decoding=\"async\" class=\"aligncenter size-full wp-image-246\" src=\"https:\/\/vulkanologische-gesellschaft.de\/blog\/wp-content\/uploads\/2016\/05\/eifel2016.jpg\" alt=\"VolSoc auf Wanderung in der Eifel. \u00a9 Marc Szeglat\" width=\"950\" height=\"635\" srcset=\"https:\/\/www.vulkanologische-gesellschaft.de\/blog\/wp-content\/uploads\/2016\/05\/eifel2016.jpg 950w, https:\/\/www.vulkanologische-gesellschaft.de\/blog\/wp-content\/uploads\/2016\/05\/eifel2016-300x201.jpg 300w, https:\/\/www.vulkanologische-gesellschaft.de\/blog\/wp-content\/uploads\/2016\/05\/eifel2016-768x513.jpg 768w, https:\/\/www.vulkanologische-gesellschaft.de\/blog\/wp-content\/uploads\/2016\/05\/eifel2016-800x535.jpg 800w\" sizes=\"auto, (max-width: 950px) 100vw, 950px\" \/><\/a><\/p>\n<p>Unser Vereinstreffen in der Vulkaneifel fand bei bestem Wetter statt. Es kamen\u00a0zahlreiche Mitglieder und Freunde des Vereins zur Wanderung in Ettringen zusammen, die von Bianca gef\u00fchrt wurde.<\/p>\n<p>Auf der Hauptversammlung wurde der Gesch\u00e4ftsbericht vorgestellt, und der Vorstand um eine 5-k\u00f6pfige administrative Arbeitsgruppe vergr\u00f6\u00dfert. Zudem wurde der Beschluss gefasst,\u00a0den evakuierten Menschen am<a href=\"http:\/\/www.vulkane.net\/vulkane\/a-z\/sinabung\/sinabung.html\"> Vulkan Sinabung<\/a> auf Sumatra mit Geld- und Sachleistungen zu unterst\u00fctzen.<\/p>\n<p>Die Idee einer Vereinsreise zu einem aktiven Vulkan in Italien fand gro\u00dfe Zustimmung. Bis zum Herbst soll das Vorhaben konkretisiert werden.<\/p>\n<p>Ich m\u00f6chte mich bei allen Teilnehmern f\u00fcr ihre Anwesenheit und Unterst\u00fctzung herzlich bedanken!<\/p>\n","protected":false},"excerpt":{"rendered":"<p>Unser Vereinstreffen in der Vulkaneifel fand bei bestem Wetter statt. Es kamen\u00a0zahlreiche Mitglieder und Freunde des Vereins zur Wanderung in Ettringen zusammen, die von Bianca gef\u00fchrt wurde. Auf der Hauptversammlung wurde der Gesch\u00e4ftsbericht vorgestellt, und der Vorstand um eine 5-k\u00f6pfige administrative Arbeitsgruppe vergr\u00f6\u00dfert. Zudem wurde der Beschluss gefasst,\u00a0den evakuierten Menschen am Vulkan Sinabung auf Sumatra&hellip;<\/p>\n","protected":false},"author":1,"featured_media":0,"comment_status":"open","ping_status":"closed","sticky":false,"template":"","format":"standard","meta":{"footnotes":""},"categories":[5],"tags":[70,71,2],"class_list":["post-245","post","type-post","status-publish","format-standard","hentry","category-verein","tag-jahreshauptversammlung-2016","tag-volsoc","tag-vulkanologische-gesellschaft"],"yoast_head":"<!-- This site is optimized with the Yoast SEO plugin v27.2 - https:\/\/yoast.com\/product\/yoast-seo-wordpress\/ -->\n<title>Jahreshauptversammlung 2016 - Vulkanologische Gesellschaft<\/title>\n<meta name=\"robots\" content=\"index, follow, max-snippet:-1, max-image-preview:large, max-video-preview:-1\" \/>\n<link rel=\"canonical\" href=\"https:\/\/www.vulkanologische-gesellschaft.de\/blog\/2016\/05\/09\/jahreshauptversammlung-2016-2\/\" \/>\n<meta property=\"og:locale\" content=\"de_DE\" \/>\n<meta property=\"og:type\" content=\"article\" \/>\n<meta property=\"og:title\" content=\"Jahreshauptversammlung 2016 - Vulkanologische Gesellschaft\" \/>\n<meta property=\"og:description\" content=\"Unser Vereinstreffen in der Vulkaneifel fand bei bestem Wetter statt. Es kamen\u00a0zahlreiche Mitglieder und Freunde des Vereins zur Wanderung in Ettringen zusammen, die von Bianca gef\u00fchrt wurde. Auf der Hauptversammlung wurde der Gesch\u00e4ftsbericht vorgestellt, und der Vorstand um eine 5-k\u00f6pfige administrative Arbeitsgruppe vergr\u00f6\u00dfert. Zudem wurde der Beschluss gefasst,\u00a0den evakuierten Menschen am Vulkan Sinabung auf Sumatra&hellip;\" \/>\n<meta property=\"og:url\" content=\"https:\/\/www.vulkanologische-gesellschaft.de\/blog\/2016\/05\/09\/jahreshauptversammlung-2016-2\/\" \/>\n<meta property=\"og:site_name\" content=\"Vulkanologische Gesellschaft\" \/>\n<meta property=\"article:publisher\" content=\"https:\/\/www.facebook.com\/profile.php?id=100076365217120\" \/>\n<meta property=\"article:published_time\" content=\"2016-05-09T07:55:58+00:00\" \/>\n<meta property=\"article:modified_time\" content=\"2016-07-23T20:52:05+00:00\" \/>\n<meta property=\"og:image\" content=\"https:\/\/www.vulkanologische-gesellschaft.de\/blog\/wp-content\/uploads\/2016\/05\/eifel2016.jpg\" \/>\n\t<meta property=\"og:image:width\" content=\"950\" \/>\n\t<meta property=\"og:image:height\" content=\"635\" \/>\n\t<meta property=\"og:image:type\" content=\"image\/jpeg\" \/>\n<meta name=\"author\" content=\"Marc Szeglat\" \/>\n<meta name=\"twitter:card\" content=\"summary_large_image\" \/>\n<meta name=\"twitter:label1\" content=\"Verfasst von\" \/>\n\t<meta name=\"twitter:data1\" content=\"Marc Szeglat\" \/>\n\t<meta name=\"twitter:label2\" content=\"Gesch\u00e4tzte Lesezeit\" \/>\n\t<meta name=\"twitter:data2\" content=\"1\u00a0Minute\" \/>\n<script type=\"application\/ld+json\" class=\"yoast-schema-graph\">{\"@context\":\"https:\/\/schema.org\",\"@graph\":[{\"@type\":\"Article\",\"@id\":\"https:\/\/www.vulkanologische-gesellschaft.de\/blog\/2016\/05\/09\/jahreshauptversammlung-2016-2\/#article\",\"isPartOf\":{\"@id\":\"https:\/\/www.vulkanologische-gesellschaft.de\/blog\/2016\/05\/09\/jahreshauptversammlung-2016-2\/\"},\"author\":{\"name\":\"Marc Szeglat\",\"@id\":\"https:\/\/www.vulkanologische-gesellschaft.de\/blog\/#\/schema\/person\/f023125bd99560872650a08cf7b93ebb\"},\"headline\":\"Jahreshauptversammlung 2016\",\"datePublished\":\"2016-05-09T07:55:58+00:00\",\"dateModified\":\"2016-07-23T20:52:05+00:00\",\"mainEntityOfPage\":{\"@id\":\"https:\/\/www.vulkanologische-gesellschaft.de\/blog\/2016\/05\/09\/jahreshauptversammlung-2016-2\/\"},\"wordCount\":107,\"commentCount\":0,\"publisher\":{\"@id\":\"https:\/\/www.vulkanologische-gesellschaft.de\/blog\/#organization\"},\"image\":{\"@id\":\"https:\/\/www.vulkanologische-gesellschaft.de\/blog\/2016\/05\/09\/jahreshauptversammlung-2016-2\/#primaryimage\"},\"thumbnailUrl\":\"https:\/\/vulkanologische-gesellschaft.de\/blog\/wp-content\/uploads\/2016\/05\/eifel2016.jpg\",\"keywords\":[\"Jahreshauptversammlung 2016\",\"VolSoc\",\"Vulkanologische Gesellschaft\"],\"articleSection\":[\"Verein\"],\"inLanguage\":\"de\",\"potentialAction\":[{\"@type\":\"CommentAction\",\"name\":\"Comment\",\"target\":[\"https:\/\/www.vulkanologische-gesellschaft.de\/blog\/2016\/05\/09\/jahreshauptversammlung-2016-2\/#respond\"]}]},{\"@type\":\"WebPage\",\"@id\":\"https:\/\/www.vulkanologische-gesellschaft.de\/blog\/2016\/05\/09\/jahreshauptversammlung-2016-2\/\",\"url\":\"https:\/\/www.vulkanologische-gesellschaft.de\/blog\/2016\/05\/09\/jahreshauptversammlung-2016-2\/\",\"name\":\"Jahreshauptversammlung 2016 - Vulkanologische Gesellschaft\",\"isPartOf\":{\"@id\":\"https:\/\/www.vulkanologische-gesellschaft.de\/blog\/#website\"},\"primaryImageOfPage\":{\"@id\":\"https:\/\/www.vulkanologische-gesellschaft.de\/blog\/2016\/05\/09\/jahreshauptversammlung-2016-2\/#primaryimage\"},\"image\":{\"@id\":\"https:\/\/www.vulkanologische-gesellschaft.de\/blog\/2016\/05\/09\/jahreshauptversammlung-2016-2\/#primaryimage\"},\"thumbnailUrl\":\"https:\/\/vulkanologische-gesellschaft.de\/blog\/wp-content\/uploads\/2016\/05\/eifel2016.jpg\",\"datePublished\":\"2016-05-09T07:55:58+00:00\",\"dateModified\":\"2016-07-23T20:52:05+00:00\",\"breadcrumb\":{\"@id\":\"https:\/\/www.vulkanologische-gesellschaft.de\/blog\/2016\/05\/09\/jahreshauptversammlung-2016-2\/#breadcrumb\"},\"inLanguage\":\"de\",\"potentialAction\":[{\"@type\":\"ReadAction\",\"target\":[\"https:\/\/www.vulkanologische-gesellschaft.de\/blog\/2016\/05\/09\/jahreshauptversammlung-2016-2\/\"]}]},{\"@type\":\"ImageObject\",\"inLanguage\":\"de\",\"@id\":\"https:\/\/www.vulkanologische-gesellschaft.de\/blog\/2016\/05\/09\/jahreshauptversammlung-2016-2\/#primaryimage\",\"url\":\"https:\/\/vulkanologische-gesellschaft.de\/blog\/wp-content\/uploads\/2016\/05\/eifel2016.jpg\",\"contentUrl\":\"https:\/\/vulkanologische-gesellschaft.de\/blog\/wp-content\/uploads\/2016\/05\/eifel2016.jpg\"},{\"@type\":\"BreadcrumbList\",\"@id\":\"https:\/\/www.vulkanologische-gesellschaft.de\/blog\/2016\/05\/09\/jahreshauptversammlung-2016-2\/#breadcrumb\",\"itemListElement\":[{\"@type\":\"ListItem\",\"position\":1,\"name\":\"Startseite\",\"item\":\"https:\/\/www.vulkanologische-gesellschaft.de\/blog\/\"},{\"@type\":\"ListItem\",\"position\":2,\"name\":\"Jahreshauptversammlung 2016\"}]},{\"@type\":\"WebSite\",\"@id\":\"https:\/\/www.vulkanologische-gesellschaft.de\/blog\/#website\",\"url\":\"https:\/\/www.vulkanologische-gesellschaft.de\/blog\/\",\"name\":\"Vulkanologische Gesellschaft\",\"description\":\"Gesellschaft f\u00fcr internationale Vulkanerkundung\",\"publisher\":{\"@id\":\"https:\/\/www.vulkanologische-gesellschaft.de\/blog\/#organization\"},\"potentialAction\":[{\"@type\":\"SearchAction\",\"target\":{\"@type\":\"EntryPoint\",\"urlTemplate\":\"https:\/\/www.vulkanologische-gesellschaft.de\/blog\/?s={search_term_string}\"},\"query-input\":{\"@type\":\"PropertyValueSpecification\",\"valueRequired\":true,\"valueName\":\"search_term_string\"}}],\"inLanguage\":\"de\"},{\"@type\":\"Organization\",\"@id\":\"https:\/\/www.vulkanologische-gesellschaft.de\/blog\/#organization\",\"name\":\"Vulkanologische Gesellschaft e.V\",\"url\":\"https:\/\/www.vulkanologische-gesellschaft.de\/blog\/\",\"logo\":{\"@type\":\"ImageObject\",\"inLanguage\":\"de\",\"@id\":\"https:\/\/www.vulkanologische-gesellschaft.de\/blog\/#\/schema\/logo\/image\/\",\"url\":\"https:\/\/www.vulkanologische-gesellschaft.de\/blog\/wp-content\/uploads\/2015\/07\/logo-klein.jpg\",\"contentUrl\":\"https:\/\/www.vulkanologische-gesellschaft.de\/blog\/wp-content\/uploads\/2015\/07\/logo-klein.jpg\",\"width\":140,\"height\":139,\"caption\":\"Vulkanologische Gesellschaft e.V\"},\"image\":{\"@id\":\"https:\/\/www.vulkanologische-gesellschaft.de\/blog\/#\/schema\/logo\/image\/\"},\"sameAs\":[\"https:\/\/www.facebook.com\/profile.php?id=100076365217120\"]},{\"@type\":\"Person\",\"@id\":\"https:\/\/www.vulkanologische-gesellschaft.de\/blog\/#\/schema\/person\/f023125bd99560872650a08cf7b93ebb\",\"name\":\"Marc Szeglat\",\"image\":{\"@type\":\"ImageObject\",\"inLanguage\":\"de\",\"@id\":\"https:\/\/secure.gravatar.com\/avatar\/7dc671db686352fad8ced8a5a725f96bf1670804154aef4a4b9181818cce225c?s=96&d=mm&r=g\",\"url\":\"https:\/\/secure.gravatar.com\/avatar\/7dc671db686352fad8ced8a5a725f96bf1670804154aef4a4b9181818cce225c?s=96&d=mm&r=g\",\"contentUrl\":\"https:\/\/secure.gravatar.com\/avatar\/7dc671db686352fad8ced8a5a725f96bf1670804154aef4a4b9181818cce225c?s=96&d=mm&r=g\",\"caption\":\"Marc Szeglat\"},\"description\":\"Marc Szeglat ist Vorstandsmitglied der Vulkanologischen Gesellschaft e.V. und bestieg 1990 seinen ersten aktiven Vulkan. Seitdem dokumentiert er hauptberuflich Vulkanausbr\u00fcche. Marc ist Autor der Seite vulkane.net.\",\"sameAs\":[\"http:\/\/www.vulkane.net\/\"],\"url\":\"https:\/\/www.vulkanologische-gesellschaft.de\/blog\/author\/marcszeglat\/\"}]}<\/script>\n<!-- \/ Yoast SEO plugin. -->","yoast_head_json":{"title":"Jahreshauptversammlung 2016 - Vulkanologische Gesellschaft","robots":{"index":"index","follow":"follow","max-snippet":"max-snippet:-1","max-image-preview":"max-image-preview:large","max-video-preview":"max-video-preview:-1"},"canonical":"https:\/\/www.vulkanologische-gesellschaft.de\/blog\/2016\/05\/09\/jahreshauptversammlung-2016-2\/","og_locale":"de_DE","og_type":"article","og_title":"Jahreshauptversammlung 2016 - Vulkanologische Gesellschaft","og_description":"Unser Vereinstreffen in der Vulkaneifel fand bei bestem Wetter statt. Es kamen\u00a0zahlreiche Mitglieder und Freunde des Vereins zur Wanderung in Ettringen zusammen, die von Bianca gef\u00fchrt wurde. Auf der Hauptversammlung wurde der Gesch\u00e4ftsbericht vorgestellt, und der Vorstand um eine 5-k\u00f6pfige administrative Arbeitsgruppe vergr\u00f6\u00dfert. Zudem wurde der Beschluss gefasst,\u00a0den evakuierten Menschen am Vulkan Sinabung auf Sumatra&hellip;","og_url":"https:\/\/www.vulkanologische-gesellschaft.de\/blog\/2016\/05\/09\/jahreshauptversammlung-2016-2\/","og_site_name":"Vulkanologische Gesellschaft","article_publisher":"https:\/\/www.facebook.com\/profile.php?id=100076365217120","article_published_time":"2016-05-09T07:55:58+00:00","article_modified_time":"2016-07-23T20:52:05+00:00","og_image":[{"width":950,"height":635,"url":"https:\/\/www.vulkanologische-gesellschaft.de\/blog\/wp-content\/uploads\/2016\/05\/eifel2016.jpg","type":"image\/jpeg"}],"author":"Marc Szeglat","twitter_card":"summary_large_image","twitter_misc":{"Verfasst von":"Marc Szeglat","Gesch\u00e4tzte Lesezeit":"1\u00a0Minute"},"schema":{"@context":"https:\/\/schema.org","@graph":[{"@type":"Article","@id":"https:\/\/www.vulkanologische-gesellschaft.de\/blog\/2016\/05\/09\/jahreshauptversammlung-2016-2\/#article","isPartOf":{"@id":"https:\/\/www.vulkanologische-gesellschaft.de\/blog\/2016\/05\/09\/jahreshauptversammlung-2016-2\/"},"author":{"name":"Marc Szeglat","@id":"https:\/\/www.vulkanologische-gesellschaft.de\/blog\/#\/schema\/person\/f023125bd99560872650a08cf7b93ebb"},"headline":"Jahreshauptversammlung 2016","datePublished":"2016-05-09T07:55:58+00:00","dateModified":"2016-07-23T20:52:05+00:00","mainEntityOfPage":{"@id":"https:\/\/www.vulkanologische-gesellschaft.de\/blog\/2016\/05\/09\/jahreshauptversammlung-2016-2\/"},"wordCount":107,"commentCount":0,"publisher":{"@id":"https:\/\/www.vulkanologische-gesellschaft.de\/blog\/#organization"},"image":{"@id":"https:\/\/www.vulkanologische-gesellschaft.de\/blog\/2016\/05\/09\/jahreshauptversammlung-2016-2\/#primaryimage"},"thumbnailUrl":"https:\/\/vulkanologische-gesellschaft.de\/blog\/wp-content\/uploads\/2016\/05\/eifel2016.jpg","keywords":["Jahreshauptversammlung 2016","VolSoc","Vulkanologische Gesellschaft"],"articleSection":["Verein"],"inLanguage":"de","potentialAction":[{"@type":"CommentAction","name":"Comment","target":["https:\/\/www.vulkanologische-gesellschaft.de\/blog\/2016\/05\/09\/jahreshauptversammlung-2016-2\/#respond"]}]},{"@type":"WebPage","@id":"https:\/\/www.vulkanologische-gesellschaft.de\/blog\/2016\/05\/09\/jahreshauptversammlung-2016-2\/","url":"https:\/\/www.vulkanologische-gesellschaft.de\/blog\/2016\/05\/09\/jahreshauptversammlung-2016-2\/","name":"Jahreshauptversammlung 2016 - Vulkanologische Gesellschaft","isPartOf":{"@id":"https:\/\/www.vulkanologische-gesellschaft.de\/blog\/#website"},"primaryImageOfPage":{"@id":"https:\/\/www.vulkanologische-gesellschaft.de\/blog\/2016\/05\/09\/jahreshauptversammlung-2016-2\/#primaryimage"},"image":{"@id":"https:\/\/www.vulkanologische-gesellschaft.de\/blog\/2016\/05\/09\/jahreshauptversammlung-2016-2\/#primaryimage"},"thumbnailUrl":"https:\/\/vulkanologische-gesellschaft.de\/blog\/wp-content\/uploads\/2016\/05\/eifel2016.jpg","datePublished":"2016-05-09T07:55:58+00:00","dateModified":"2016-07-23T20:52:05+00:00","breadcrumb":{"@id":"https:\/\/www.vulkanologische-gesellschaft.de\/blog\/2016\/05\/09\/jahreshauptversammlung-2016-2\/#breadcrumb"},"inLanguage":"de","potentialAction":[{"@type":"ReadAction","target":["https:\/\/www.vulkanologische-gesellschaft.de\/blog\/2016\/05\/09\/jahreshauptversammlung-2016-2\/"]}]},{"@type":"ImageObject","inLanguage":"de","@id":"https:\/\/www.vulkanologische-gesellschaft.de\/blog\/2016\/05\/09\/jahreshauptversammlung-2016-2\/#primaryimage","url":"https:\/\/vulkanologische-gesellschaft.de\/blog\/wp-content\/uploads\/2016\/05\/eifel2016.jpg","contentUrl":"https:\/\/vulkanologische-gesellschaft.de\/blog\/wp-content\/uploads\/2016\/05\/eifel2016.jpg"},{"@type":"BreadcrumbList","@id":"https:\/\/www.vulkanologische-gesellschaft.de\/blog\/2016\/05\/09\/jahreshauptversammlung-2016-2\/#breadcrumb","itemListElement":[{"@type":"ListItem","position":1,"name":"Startseite","item":"https:\/\/www.vulkanologische-gesellschaft.de\/blog\/"},{"@type":"ListItem","position":2,"name":"Jahreshauptversammlung 2016"}]},{"@type":"WebSite","@id":"https:\/\/www.vulkanologische-gesellschaft.de\/blog\/#website","url":"https:\/\/www.vulkanologische-gesellschaft.de\/blog\/","name":"Vulkanologische Gesellschaft","description":"Gesellschaft f\u00fcr internationale Vulkanerkundung","publisher":{"@id":"https:\/\/www.vulkanologische-gesellschaft.de\/blog\/#organization"},"potentialAction":[{"@type":"SearchAction","target":{"@type":"EntryPoint","urlTemplate":"https:\/\/www.vulkanologische-gesellschaft.de\/blog\/?s={search_term_string}"},"query-input":{"@type":"PropertyValueSpecification","valueRequired":true,"valueName":"search_term_string"}}],"inLanguage":"de"},{"@type":"Organization","@id":"https:\/\/www.vulkanologische-gesellschaft.de\/blog\/#organization","name":"Vulkanologische Gesellschaft e.V","url":"https:\/\/www.vulkanologische-gesellschaft.de\/blog\/","logo":{"@type":"ImageObject","inLanguage":"de","@id":"https:\/\/www.vulkanologische-gesellschaft.de\/blog\/#\/schema\/logo\/image\/","url":"https:\/\/www.vulkanologische-gesellschaft.de\/blog\/wp-content\/uploads\/2015\/07\/logo-klein.jpg","contentUrl":"https:\/\/www.vulkanologische-gesellschaft.de\/blog\/wp-content\/uploads\/2015\/07\/logo-klein.jpg","width":140,"height":139,"caption":"Vulkanologische Gesellschaft e.V"},"image":{"@id":"https:\/\/www.vulkanologische-gesellschaft.de\/blog\/#\/schema\/logo\/image\/"},"sameAs":["https:\/\/www.facebook.com\/profile.php?id=100076365217120"]},{"@type":"Person","@id":"https:\/\/www.vulkanologische-gesellschaft.de\/blog\/#\/schema\/person\/f023125bd99560872650a08cf7b93ebb","name":"Marc Szeglat","image":{"@type":"ImageObject","inLanguage":"de","@id":"https:\/\/secure.gravatar.com\/avatar\/7dc671db686352fad8ced8a5a725f96bf1670804154aef4a4b9181818cce225c?s=96&d=mm&r=g","url":"https:\/\/secure.gravatar.com\/avatar\/7dc671db686352fad8ced8a5a725f96bf1670804154aef4a4b9181818cce225c?s=96&d=mm&r=g","contentUrl":"https:\/\/secure.gravatar.com\/avatar\/7dc671db686352fad8ced8a5a725f96bf1670804154aef4a4b9181818cce225c?s=96&d=mm&r=g","caption":"Marc Szeglat"},"description":"Marc Szeglat ist Vorstandsmitglied der Vulkanologischen Gesellschaft e.V. und bestieg 1990 seinen ersten aktiven Vulkan. Seitdem dokumentiert er hauptberuflich Vulkanausbr\u00fcche. Marc ist Autor der Seite vulkane.net.","sameAs":["http:\/\/www.vulkane.net\/"],"url":"https:\/\/www.vulkanologische-gesellschaft.de\/blog\/author\/marcszeglat\/"}]}},"_links":{"self":[{"href":"https:\/\/www.vulkanologische-gesellschaft.de\/blog\/wp-json\/wp\/v2\/posts\/245","targetHints":{"allow":["GET"]}}],"collection":[{"href":"https:\/\/www.vulkanologische-gesellschaft.de\/blog\/wp-json\/wp\/v2\/posts"}],"about":[{"href":"https:\/\/www.vulkanologische-gesellschaft.de\/blog\/wp-json\/wp\/v2\/types\/post"}],"author":[{"embeddable":true,"href":"https:\/\/www.vulkanologische-gesellschaft.de\/blog\/wp-json\/wp\/v2\/users\/1"}],"replies":[{"embeddable":true,"href":"https:\/\/www.vulkanologische-gesellschaft.de\/blog\/wp-json\/wp\/v2\/comments?post=245"}],"version-history":[{"count":1,"href":"https:\/\/www.vulkanologische-gesellschaft.de\/blog\/wp-json\/wp\/v2\/posts\/245\/revisions"}],"predecessor-version":[{"id":247,"href":"https:\/\/www.vulkanologische-gesellschaft.de\/blog\/wp-json\/wp\/v2\/posts\/245\/revisions\/247"}],"wp:attachment":[{"href":"https:\/\/www.vulkanologische-gesellschaft.de\/blog\/wp-json\/wp\/v2\/media?parent=245"}],"wp:term":[{"taxonomy":"category","embeddable":true,"href":"https:\/\/www.vulkanologische-gesellschaft.de\/blog\/wp-json\/wp\/v2\/categories?post=245"},{"taxonomy":"post_tag","embeddable":true,"href":"https:\/\/www.vulkanologische-gesellschaft.de\/blog\/wp-json\/wp\/v2\/tags?post=245"}],"curies":[{"name":"wp","href":"https:\/\/api.w.org\/{rel}","templated":true}]}}