{"id":225,"date":"2016-02-04T16:59:40","date_gmt":"2016-02-04T15:59:40","guid":{"rendered":"http:\/\/blog.vulkanologische-gesellschaft.de\/?p=225"},"modified":"2016-04-08T16:59:57","modified_gmt":"2016-04-08T14:59:57","slug":"fogo-lavastrom-zerstoert-haeuser","status":"publish","type":"post","link":"https:\/\/www.vulkanologische-gesellschaft.de\/blog\/2016\/02\/04\/fogo-lavastrom-zerstoert-haeuser\/","title":{"rendered":"Fogo: Lavastrom zerst\u00f6rt H\u00e4user"},"content":{"rendered":"<p><iframe loading=\"lazy\" title=\"Lava flows on Fogo\" width=\"1170\" height=\"658\" src=\"https:\/\/www.youtube.com\/embed\/1W9qq8HupIg?feature=oembed\" frameborder=\"0\" allow=\"accelerometer; autoplay; encrypted-media; gyroscope; picture-in-picture\" allowfullscreen><\/iframe><\/p>\n<p>Im Oktober\u00a02014 wurde ein Ort auf der Kapverdeninsel Fogo von Lavastr\u00f6men zerst\u00f6rt. Wir konnten einen Teil dieser Zerst\u00f6rungen dokumenterien.<\/p>\n","protected":false},"excerpt":{"rendered":"<p>Im Oktober\u00a02014 wurde ein Ort auf der Kapverdeninsel Fogo von Lavastr\u00f6men zerst\u00f6rt. Wir konnten einen Teil dieser Zerst\u00f6rungen dokumenterien.<\/p>\n","protected":false},"author":1,"featured_media":0,"comment_status":"open","ping_status":"closed","sticky":false,"template":"","format":"video","meta":{"footnotes":""},"categories":[52],"tags":[54,55,56],"class_list":["post-225","post","type-post","status-publish","format-video","hentry","category-video","tag-fogo","tag-video","tag-zerstoerungen","post_format-post-format-video"],"yoast_head":"<!-- This site is optimized with the Yoast SEO plugin v27.2 - https:\/\/yoast.com\/product\/yoast-seo-wordpress\/ -->\n<title>Fogo: Lavastrom zerst\u00f6rt H\u00e4user - Vulkanologische Gesellschaft<\/title>\n<meta name=\"robots\" content=\"index, follow, max-snippet:-1, max-image-preview:large, max-video-preview:-1\" \/>\n<link rel=\"canonical\" href=\"https:\/\/www.vulkanologische-gesellschaft.de\/blog\/2016\/02\/04\/fogo-lavastrom-zerstoert-haeuser\/\" \/>\n<meta property=\"og:locale\" content=\"de_DE\" \/>\n<meta property=\"og:type\" content=\"article\" \/>\n<meta property=\"og:title\" content=\"Fogo: Lavastrom zerst\u00f6rt H\u00e4user - Vulkanologische Gesellschaft\" \/>\n<meta property=\"og:description\" content=\"Im Oktober\u00a02014 wurde ein Ort auf der Kapverdeninsel Fogo von Lavastr\u00f6men zerst\u00f6rt. Wir konnten einen Teil dieser Zerst\u00f6rungen dokumenterien.\" \/>\n<meta property=\"og:url\" content=\"https:\/\/www.vulkanologische-gesellschaft.de\/blog\/2016\/02\/04\/fogo-lavastrom-zerstoert-haeuser\/\" \/>\n<meta property=\"og:site_name\" content=\"Vulkanologische Gesellschaft\" \/>\n<meta property=\"article:publisher\" content=\"https:\/\/www.facebook.com\/profile.php?id=100076365217120\" \/>\n<meta property=\"article:published_time\" content=\"2016-02-04T15:59:40+00:00\" \/>\n<meta property=\"article:modified_time\" content=\"2016-04-08T14:59:57+00:00\" \/>\n<meta name=\"author\" content=\"Marc Szeglat\" \/>\n<meta name=\"twitter:card\" content=\"summary_large_image\" \/>\n<meta name=\"twitter:label1\" content=\"Verfasst von\" \/>\n\t<meta name=\"twitter:data1\" content=\"Marc Szeglat\" \/>\n<script type=\"application\/ld+json\" class=\"yoast-schema-graph\">{\"@context\":\"https:\/\/schema.org\",\"@graph\":[{\"@type\":\"Article\",\"@id\":\"https:\/\/www.vulkanologische-gesellschaft.de\/blog\/2016\/02\/04\/fogo-lavastrom-zerstoert-haeuser\/#article\",\"isPartOf\":{\"@id\":\"https:\/\/www.vulkanologische-gesellschaft.de\/blog\/2016\/02\/04\/fogo-lavastrom-zerstoert-haeuser\/\"},\"author\":{\"name\":\"Marc Szeglat\",\"@id\":\"https:\/\/www.vulkanologische-gesellschaft.de\/blog\/#\/schema\/person\/f023125bd99560872650a08cf7b93ebb\"},\"headline\":\"Fogo: Lavastrom zerst\u00f6rt H\u00e4user\",\"datePublished\":\"2016-02-04T15:59:40+00:00\",\"dateModified\":\"2016-04-08T14:59:57+00:00\",\"mainEntityOfPage\":{\"@id\":\"https:\/\/www.vulkanologische-gesellschaft.de\/blog\/2016\/02\/04\/fogo-lavastrom-zerstoert-haeuser\/\"},\"wordCount\":34,\"commentCount\":0,\"publisher\":{\"@id\":\"https:\/\/www.vulkanologische-gesellschaft.de\/blog\/#organization\"},\"keywords\":[\"Fogo\",\"Video\",\"Zerst\u00f6rungen\"],\"articleSection\":[\"Video\"],\"inLanguage\":\"de\",\"potentialAction\":[{\"@type\":\"CommentAction\",\"name\":\"Comment\",\"target\":[\"https:\/\/www.vulkanologische-gesellschaft.de\/blog\/2016\/02\/04\/fogo-lavastrom-zerstoert-haeuser\/#respond\"]}]},{\"@type\":\"WebPage\",\"@id\":\"https:\/\/www.vulkanologische-gesellschaft.de\/blog\/2016\/02\/04\/fogo-lavastrom-zerstoert-haeuser\/\",\"url\":\"https:\/\/www.vulkanologische-gesellschaft.de\/blog\/2016\/02\/04\/fogo-lavastrom-zerstoert-haeuser\/\",\"name\":\"Fogo: Lavastrom zerst\u00f6rt H\u00e4user - Vulkanologische Gesellschaft\",\"isPartOf\":{\"@id\":\"https:\/\/www.vulkanologische-gesellschaft.de\/blog\/#website\"},\"datePublished\":\"2016-02-04T15:59:40+00:00\",\"dateModified\":\"2016-04-08T14:59:57+00:00\",\"breadcrumb\":{\"@id\":\"https:\/\/www.vulkanologische-gesellschaft.de\/blog\/2016\/02\/04\/fogo-lavastrom-zerstoert-haeuser\/#breadcrumb\"},\"inLanguage\":\"de\",\"potentialAction\":[{\"@type\":\"ReadAction\",\"target\":[\"https:\/\/www.vulkanologische-gesellschaft.de\/blog\/2016\/02\/04\/fogo-lavastrom-zerstoert-haeuser\/\"]}]},{\"@type\":\"BreadcrumbList\",\"@id\":\"https:\/\/www.vulkanologische-gesellschaft.de\/blog\/2016\/02\/04\/fogo-lavastrom-zerstoert-haeuser\/#breadcrumb\",\"itemListElement\":[{\"@type\":\"ListItem\",\"position\":1,\"name\":\"Startseite\",\"item\":\"https:\/\/www.vulkanologische-gesellschaft.de\/blog\/\"},{\"@type\":\"ListItem\",\"position\":2,\"name\":\"Fogo: Lavastrom zerst\u00f6rt H\u00e4user\"}]},{\"@type\":\"WebSite\",\"@id\":\"https:\/\/www.vulkanologische-gesellschaft.de\/blog\/#website\",\"url\":\"https:\/\/www.vulkanologische-gesellschaft.de\/blog\/\",\"name\":\"Vulkanologische Gesellschaft\",\"description\":\"Gesellschaft f\u00fcr internationale Vulkanerkundung\",\"publisher\":{\"@id\":\"https:\/\/www.vulkanologische-gesellschaft.de\/blog\/#organization\"},\"potentialAction\":[{\"@type\":\"SearchAction\",\"target\":{\"@type\":\"EntryPoint\",\"urlTemplate\":\"https:\/\/www.vulkanologische-gesellschaft.de\/blog\/?s={search_term_string}\"},\"query-input\":{\"@type\":\"PropertyValueSpecification\",\"valueRequired\":true,\"valueName\":\"search_term_string\"}}],\"inLanguage\":\"de\"},{\"@type\":\"Organization\",\"@id\":\"https:\/\/www.vulkanologische-gesellschaft.de\/blog\/#organization\",\"name\":\"Vulkanologische Gesellschaft e.V\",\"url\":\"https:\/\/www.vulkanologische-gesellschaft.de\/blog\/\",\"logo\":{\"@type\":\"ImageObject\",\"inLanguage\":\"de\",\"@id\":\"https:\/\/www.vulkanologische-gesellschaft.de\/blog\/#\/schema\/logo\/image\/\",\"url\":\"https:\/\/www.vulkanologische-gesellschaft.de\/blog\/wp-content\/uploads\/2015\/07\/logo-klein.jpg\",\"contentUrl\":\"https:\/\/www.vulkanologische-gesellschaft.de\/blog\/wp-content\/uploads\/2015\/07\/logo-klein.jpg\",\"width\":140,\"height\":139,\"caption\":\"Vulkanologische Gesellschaft e.V\"},\"image\":{\"@id\":\"https:\/\/www.vulkanologische-gesellschaft.de\/blog\/#\/schema\/logo\/image\/\"},\"sameAs\":[\"https:\/\/www.facebook.com\/profile.php?id=100076365217120\"]},{\"@type\":\"Person\",\"@id\":\"https:\/\/www.vulkanologische-gesellschaft.de\/blog\/#\/schema\/person\/f023125bd99560872650a08cf7b93ebb\",\"name\":\"Marc Szeglat\",\"image\":{\"@type\":\"ImageObject\",\"inLanguage\":\"de\",\"@id\":\"https:\/\/secure.gravatar.com\/avatar\/7dc671db686352fad8ced8a5a725f96bf1670804154aef4a4b9181818cce225c?s=96&d=mm&r=g\",\"url\":\"https:\/\/secure.gravatar.com\/avatar\/7dc671db686352fad8ced8a5a725f96bf1670804154aef4a4b9181818cce225c?s=96&d=mm&r=g\",\"contentUrl\":\"https:\/\/secure.gravatar.com\/avatar\/7dc671db686352fad8ced8a5a725f96bf1670804154aef4a4b9181818cce225c?s=96&d=mm&r=g\",\"caption\":\"Marc Szeglat\"},\"description\":\"Marc Szeglat ist Vorstandsmitglied der Vulkanologischen Gesellschaft e.V. und bestieg 1990 seinen ersten aktiven Vulkan. Seitdem dokumentiert er hauptberuflich Vulkanausbr\u00fcche. Marc ist Autor der Seite vulkane.net.\",\"sameAs\":[\"http:\/\/www.vulkane.net\/\"],\"url\":\"https:\/\/www.vulkanologische-gesellschaft.de\/blog\/author\/marcszeglat\/\"}]}<\/script>\n<!-- \/ Yoast SEO plugin. -->","yoast_head_json":{"title":"Fogo: Lavastrom zerst\u00f6rt H\u00e4user - Vulkanologische Gesellschaft","robots":{"index":"index","follow":"follow","max-snippet":"max-snippet:-1","max-image-preview":"max-image-preview:large","max-video-preview":"max-video-preview:-1"},"canonical":"https:\/\/www.vulkanologische-gesellschaft.de\/blog\/2016\/02\/04\/fogo-lavastrom-zerstoert-haeuser\/","og_locale":"de_DE","og_type":"article","og_title":"Fogo: Lavastrom zerst\u00f6rt H\u00e4user - Vulkanologische Gesellschaft","og_description":"Im Oktober\u00a02014 wurde ein Ort auf der Kapverdeninsel Fogo von Lavastr\u00f6men zerst\u00f6rt. Wir konnten einen Teil dieser Zerst\u00f6rungen dokumenterien.","og_url":"https:\/\/www.vulkanologische-gesellschaft.de\/blog\/2016\/02\/04\/fogo-lavastrom-zerstoert-haeuser\/","og_site_name":"Vulkanologische Gesellschaft","article_publisher":"https:\/\/www.facebook.com\/profile.php?id=100076365217120","article_published_time":"2016-02-04T15:59:40+00:00","article_modified_time":"2016-04-08T14:59:57+00:00","author":"Marc Szeglat","twitter_card":"summary_large_image","twitter_misc":{"Verfasst von":"Marc Szeglat"},"schema":{"@context":"https:\/\/schema.org","@graph":[{"@type":"Article","@id":"https:\/\/www.vulkanologische-gesellschaft.de\/blog\/2016\/02\/04\/fogo-lavastrom-zerstoert-haeuser\/#article","isPartOf":{"@id":"https:\/\/www.vulkanologische-gesellschaft.de\/blog\/2016\/02\/04\/fogo-lavastrom-zerstoert-haeuser\/"},"author":{"name":"Marc Szeglat","@id":"https:\/\/www.vulkanologische-gesellschaft.de\/blog\/#\/schema\/person\/f023125bd99560872650a08cf7b93ebb"},"headline":"Fogo: Lavastrom zerst\u00f6rt H\u00e4user","datePublished":"2016-02-04T15:59:40+00:00","dateModified":"2016-04-08T14:59:57+00:00","mainEntityOfPage":{"@id":"https:\/\/www.vulkanologische-gesellschaft.de\/blog\/2016\/02\/04\/fogo-lavastrom-zerstoert-haeuser\/"},"wordCount":34,"commentCount":0,"publisher":{"@id":"https:\/\/www.vulkanologische-gesellschaft.de\/blog\/#organization"},"keywords":["Fogo","Video","Zerst\u00f6rungen"],"articleSection":["Video"],"inLanguage":"de","potentialAction":[{"@type":"CommentAction","name":"Comment","target":["https:\/\/www.vulkanologische-gesellschaft.de\/blog\/2016\/02\/04\/fogo-lavastrom-zerstoert-haeuser\/#respond"]}]},{"@type":"WebPage","@id":"https:\/\/www.vulkanologische-gesellschaft.de\/blog\/2016\/02\/04\/fogo-lavastrom-zerstoert-haeuser\/","url":"https:\/\/www.vulkanologische-gesellschaft.de\/blog\/2016\/02\/04\/fogo-lavastrom-zerstoert-haeuser\/","name":"Fogo: Lavastrom zerst\u00f6rt H\u00e4user - Vulkanologische Gesellschaft","isPartOf":{"@id":"https:\/\/www.vulkanologische-gesellschaft.de\/blog\/#website"},"datePublished":"2016-02-04T15:59:40+00:00","dateModified":"2016-04-08T14:59:57+00:00","breadcrumb":{"@id":"https:\/\/www.vulkanologische-gesellschaft.de\/blog\/2016\/02\/04\/fogo-lavastrom-zerstoert-haeuser\/#breadcrumb"},"inLanguage":"de","potentialAction":[{"@type":"ReadAction","target":["https:\/\/www.vulkanologische-gesellschaft.de\/blog\/2016\/02\/04\/fogo-lavastrom-zerstoert-haeuser\/"]}]},{"@type":"BreadcrumbList","@id":"https:\/\/www.vulkanologische-gesellschaft.de\/blog\/2016\/02\/04\/fogo-lavastrom-zerstoert-haeuser\/#breadcrumb","itemListElement":[{"@type":"ListItem","position":1,"name":"Startseite","item":"https:\/\/www.vulkanologische-gesellschaft.de\/blog\/"},{"@type":"ListItem","position":2,"name":"Fogo: Lavastrom zerst\u00f6rt H\u00e4user"}]},{"@type":"WebSite","@id":"https:\/\/www.vulkanologische-gesellschaft.de\/blog\/#website","url":"https:\/\/www.vulkanologische-gesellschaft.de\/blog\/","name":"Vulkanologische Gesellschaft","description":"Gesellschaft f\u00fcr internationale Vulkanerkundung","publisher":{"@id":"https:\/\/www.vulkanologische-gesellschaft.de\/blog\/#organization"},"potentialAction":[{"@type":"SearchAction","target":{"@type":"EntryPoint","urlTemplate":"https:\/\/www.vulkanologische-gesellschaft.de\/blog\/?s={search_term_string}"},"query-input":{"@type":"PropertyValueSpecification","valueRequired":true,"valueName":"search_term_string"}}],"inLanguage":"de"},{"@type":"Organization","@id":"https:\/\/www.vulkanologische-gesellschaft.de\/blog\/#organization","name":"Vulkanologische Gesellschaft e.V","url":"https:\/\/www.vulkanologische-gesellschaft.de\/blog\/","logo":{"@type":"ImageObject","inLanguage":"de","@id":"https:\/\/www.vulkanologische-gesellschaft.de\/blog\/#\/schema\/logo\/image\/","url":"https:\/\/www.vulkanologische-gesellschaft.de\/blog\/wp-content\/uploads\/2015\/07\/logo-klein.jpg","contentUrl":"https:\/\/www.vulkanologische-gesellschaft.de\/blog\/wp-content\/uploads\/2015\/07\/logo-klein.jpg","width":140,"height":139,"caption":"Vulkanologische Gesellschaft e.V"},"image":{"@id":"https:\/\/www.vulkanologische-gesellschaft.de\/blog\/#\/schema\/logo\/image\/"},"sameAs":["https:\/\/www.facebook.com\/profile.php?id=100076365217120"]},{"@type":"Person","@id":"https:\/\/www.vulkanologische-gesellschaft.de\/blog\/#\/schema\/person\/f023125bd99560872650a08cf7b93ebb","name":"Marc Szeglat","image":{"@type":"ImageObject","inLanguage":"de","@id":"https:\/\/secure.gravatar.com\/avatar\/7dc671db686352fad8ced8a5a725f96bf1670804154aef4a4b9181818cce225c?s=96&d=mm&r=g","url":"https:\/\/secure.gravatar.com\/avatar\/7dc671db686352fad8ced8a5a725f96bf1670804154aef4a4b9181818cce225c?s=96&d=mm&r=g","contentUrl":"https:\/\/secure.gravatar.com\/avatar\/7dc671db686352fad8ced8a5a725f96bf1670804154aef4a4b9181818cce225c?s=96&d=mm&r=g","caption":"Marc Szeglat"},"description":"Marc Szeglat ist Vorstandsmitglied der Vulkanologischen Gesellschaft e.V. und bestieg 1990 seinen ersten aktiven Vulkan. Seitdem dokumentiert er hauptberuflich Vulkanausbr\u00fcche. Marc ist Autor der Seite vulkane.net.","sameAs":["http:\/\/www.vulkane.net\/"],"url":"https:\/\/www.vulkanologische-gesellschaft.de\/blog\/author\/marcszeglat\/"}]}},"_links":{"self":[{"href":"https:\/\/www.vulkanologische-gesellschaft.de\/blog\/wp-json\/wp\/v2\/posts\/225","targetHints":{"allow":["GET"]}}],"collection":[{"href":"https:\/\/www.vulkanologische-gesellschaft.de\/blog\/wp-json\/wp\/v2\/posts"}],"about":[{"href":"https:\/\/www.vulkanologische-gesellschaft.de\/blog\/wp-json\/wp\/v2\/types\/post"}],"author":[{"embeddable":true,"href":"https:\/\/www.vulkanologische-gesellschaft.de\/blog\/wp-json\/wp\/v2\/users\/1"}],"replies":[{"embeddable":true,"href":"https:\/\/www.vulkanologische-gesellschaft.de\/blog\/wp-json\/wp\/v2\/comments?post=225"}],"version-history":[{"count":1,"href":"https:\/\/www.vulkanologische-gesellschaft.de\/blog\/wp-json\/wp\/v2\/posts\/225\/revisions"}],"predecessor-version":[{"id":226,"href":"https:\/\/www.vulkanologische-gesellschaft.de\/blog\/wp-json\/wp\/v2\/posts\/225\/revisions\/226"}],"wp:attachment":[{"href":"https:\/\/www.vulkanologische-gesellschaft.de\/blog\/wp-json\/wp\/v2\/media?parent=225"}],"wp:term":[{"taxonomy":"category","embeddable":true,"href":"https:\/\/www.vulkanologische-gesellschaft.de\/blog\/wp-json\/wp\/v2\/categories?post=225"},{"taxonomy":"post_tag","embeddable":true,"href":"https:\/\/www.vulkanologische-gesellschaft.de\/blog\/wp-json\/wp\/v2\/tags?post=225"}],"curies":[{"name":"wp","href":"https:\/\/api.w.org\/{rel}","templated":true}]}}